{"id":126737,"date":"2026-01-05T19:17:07","date_gmt":"2026-01-05T19:17:07","guid":{"rendered":"https:\/\/www.europesays.com\/se\/126737\/"},"modified":"2026-01-05T19:17:07","modified_gmt":"2026-01-05T19:17:07","slug":"skrapade-inte-rutorna-blir-av-med-korkortet","status":"publish","type":"post","link":"https:\/\/www.europesays.com\/se\/126737\/","title":{"rendered":"Skrapade inte rutorna \u2013 blir av med k\u00f6rkortet"},"content":{"rendered":"<p>En man i 65-\u00e5rs\u00e5ldern stoppades i Uppsala tidigare p\u00e5 m\u00e5ndagen d\u00e5 polisen ans\u00e5g att han inte skrapat bort nog med is och sn\u00f6 fr\u00e5n vindrutan, skriver polisen p\u00e5 sin sajt. <\/p>\n<p>Poliserna bed\u00f6mde att sikten i bilen var s\u00e5 d\u00e5lig att framf\u00f6randet av fordonet kan utg\u00f6ra v\u00e5rdsl\u00f6shet i trafik. Mannens k\u00f6rkort omh\u00e4ndertogs d\u00e4rf\u00f6r och h\u00e4ndelsen utreds vidare. <\/p>\n<p>Omni \u00e4r politiskt obundna och oberoende. Vi str\u00e4var efter att ge fler perspektiv p\u00e5 nyheterna. Har du fr\u00e5gor eller synpunkter kring v\u00e5r rapportering? <a href=\"https:\/\/omni.se\/skrapade-inte-rutorna-blir-av-med-korkortet\/a\/mailto:redaktion@omni.se\" class=\"ArticleActions_contactLink__W2F1M\" rel=\"nofollow noopener\" target=\"_blank\">Kontakta redaktionen<\/a><\/p>\n","protected":false},"excerpt":{"rendered":"En man i 65-\u00e5rs\u00e5ldern stoppades i Uppsala tidigare p\u00e5 m\u00e5ndagen d\u00e5 polisen ans\u00e5g att han inte skrapat bort&hellip;\n","protected":false},"author":2,"featured_media":126738,"comment_status":"","ping_status":"","sticky":false,"template":"","format":"standard","meta":{"footnotes":""},"categories":[14],"tags":[22,23,26,27,17,21,24,25,28,29,15,16,18,34,31,33,32,30,19,20,2424,2426,51,52,53,54],"class_list":{"0":"post-126737","1":"post","2":"type-post","3":"status-publish","4":"format-standard","5":"has-post-thumbnail","7":"category-varlden","8":"tag-breaking-news","9":"tag-breakingnews","10":"tag-featured-news","11":"tag-featurednews","12":"tag-headlines","13":"tag-huvudnyheter","14":"tag-latest-news","15":"tag-latestnews","16":"tag-main-news","17":"tag-mainnews","18":"tag-news","19":"tag-nyheter","20":"tag-rubriker","21":"tag-se","22":"tag-svenska","23":"tag-sverige","24":"tag-sweden","25":"tag-swedish","26":"tag-top-stories","27":"tag-topstories","28":"tag-uppsala","29":"tag-uppsala-lan","30":"tag-varlden","31":"tag-world","32":"tag-world-news","33":"tag-worldnews"},"share_on_mastodon":{"url":"https:\/\/pubeurope.com\/@se\/115844103679465948","error":""},"_links":{"self":[{"href":"https:\/\/www.europesays.com\/se\/wp-json\/wp\/v2\/posts\/126737","targetHints":{"allow":["GET"]}}],"collection":[{"href":"https:\/\/www.europesays.com\/se\/wp-json\/wp\/v2\/posts"}],"about":[{"href":"https:\/\/www.europesays.com\/se\/wp-json\/wp\/v2\/types\/post"}],"author":[{"embeddable":true,"href":"https:\/\/www.europesays.com\/se\/wp-json\/wp\/v2\/users\/2"}],"replies":[{"embeddable":true,"href":"https:\/\/www.europesays.com\/se\/wp-json\/wp\/v2\/comments?post=126737"}],"version-history":[{"count":0,"href":"https:\/\/www.europesays.com\/se\/wp-json\/wp\/v2\/posts\/126737\/revisions"}],"wp:featuredmedia":[{"embeddable":true,"href":"https:\/\/www.europesays.com\/se\/wp-json\/wp\/v2\/media\/126738"}],"wp:attachment":[{"href":"https:\/\/www.europesays.com\/se\/wp-json\/wp\/v2\/media?parent=126737"}],"wp:term":[{"taxonomy":"category","embeddable":true,"href":"https:\/\/www.europesays.com\/se\/wp-json\/wp\/v2\/categories?post=126737"},{"taxonomy":"post_tag","embeddable":true,"href":"https:\/\/www.europesays.com\/se\/wp-json\/wp\/v2\/tags?post=126737"}],"curies":[{"name":"wp","href":"https:\/\/api.w.org\/{rel}","templated":true}]}}