{"id":126739,"date":"2026-01-05T19:19:07","date_gmt":"2026-01-05T19:19:07","guid":{"rendered":"https:\/\/www.europesays.com\/se\/126739\/"},"modified":"2026-01-05T19:19:07","modified_gmt":"2026-01-05T19:19:07","slug":"stromgren-kallas-upp-kan-nhl-debutera-for-flames","status":"publish","type":"post","link":"https:\/\/www.europesays.com\/se\/126739\/","title":{"rendered":"Str\u00f6mgren kallas upp \u2013 kan NHL-debutera f\u00f6r Flames"},"content":{"rendered":"<p>\u00c4nnu en svensk kan vara p\u00e5 v\u00e4g att f\u00e5 debutera i NHL. Under m\u00e5ndagen kallade Calgary Flames upp forwarden William Str\u00f6mgren fr\u00e5n AHL.<\/p>\n<p>Str\u00f6mgren, 22, har den h\u00e4r s\u00e4songen gjort 29 po\u00e4ng (6+23) p\u00e5 33 matcher med AHL-laget Wranglers. Det \u00e4r hans tredje hela s\u00e4song i Nordamerika efter att han representerat MoDo, R\u00f6gle och Bryn\u00e4s p\u00e5 seniorniv\u00e5 i Sverige.<\/p>\n<p>Str\u00f6mgren har p\u00e5 173 matcher i AHL gjort totalt 105 po\u00e4ng (27+78).<\/p>\n<p>\u2013 Han \u00e4r ett av de f\u00f6rsta namnen som dyker upp n\u00e4r vi diskuterar vilka som \u00e4r redo, sa Wranglers tr\u00e4nare Brett Sutter till Calgary Herald i november. Han spelar h\u00e5rdare och mer rakt \u00e4n tidigare. Han har verkligen tagit stora steg i sin utveckling.<\/p>\n<p>Nu kan NHL-debuten vara n\u00e4ra f\u00f6r forwarden som draftades i den andra rundan (45:e spelare totalt) 2021.<\/p>\n<p>Flames m\u00f6ter under natten mot tisdagen Seattle Kraken p\u00e5 hemmaplan.<\/p>\n","protected":false},"excerpt":{"rendered":"\u00c4nnu en svensk kan vara p\u00e5 v\u00e4g att f\u00e5 debutera i NHL. Under m\u00e5ndagen kallade Calgary Flames upp&hellip;\n","protected":false},"author":2,"featured_media":126740,"comment_status":"","ping_status":"","sticky":false,"template":"","format":"standard","meta":{"footnotes":""},"categories":[5],"tags":[22,23,26,27,17,21,24,25,28,29,15,16,18,34,31,33,32,30,19,20],"class_list":{"0":"post-126739","1":"post","2":"type-post","3":"status-publish","4":"format-standard","5":"has-post-thumbnail","7":"category-rubriker","8":"tag-breaking-news","9":"tag-breakingnews","10":"tag-featured-news","11":"tag-featurednews","12":"tag-headlines","13":"tag-huvudnyheter","14":"tag-latest-news","15":"tag-latestnews","16":"tag-main-news","17":"tag-mainnews","18":"tag-news","19":"tag-nyheter","20":"tag-rubriker","21":"tag-se","22":"tag-svenska","23":"tag-sverige","24":"tag-sweden","25":"tag-swedish","26":"tag-top-stories","27":"tag-topstories"},"share_on_mastodon":{"url":"https:\/\/pubeurope.com\/@se\/115844111573627888","error":""},"_links":{"self":[{"href":"https:\/\/www.europesays.com\/se\/wp-json\/wp\/v2\/posts\/126739","targetHints":{"allow":["GET"]}}],"collection":[{"href":"https:\/\/www.europesays.com\/se\/wp-json\/wp\/v2\/posts"}],"about":[{"href":"https:\/\/www.europesays.com\/se\/wp-json\/wp\/v2\/types\/post"}],"author":[{"embeddable":true,"href":"https:\/\/www.europesays.com\/se\/wp-json\/wp\/v2\/users\/2"}],"replies":[{"embeddable":true,"href":"https:\/\/www.europesays.com\/se\/wp-json\/wp\/v2\/comments?post=126739"}],"version-history":[{"count":0,"href":"https:\/\/www.europesays.com\/se\/wp-json\/wp\/v2\/posts\/126739\/revisions"}],"wp:featuredmedia":[{"embeddable":true,"href":"https:\/\/www.europesays.com\/se\/wp-json\/wp\/v2\/media\/126740"}],"wp:attachment":[{"href":"https:\/\/www.europesays.com\/se\/wp-json\/wp\/v2\/media?parent=126739"}],"wp:term":[{"taxonomy":"category","embeddable":true,"href":"https:\/\/www.europesays.com\/se\/wp-json\/wp\/v2\/categories?post=126739"},{"taxonomy":"post_tag","embeddable":true,"href":"https:\/\/www.europesays.com\/se\/wp-json\/wp\/v2\/tags?post=126739"}],"curies":[{"name":"wp","href":"https:\/\/api.w.org\/{rel}","templated":true}]}}