{"id":126755,"date":"2026-01-05T19:46:06","date_gmt":"2026-01-05T19:46:06","guid":{"rendered":"https:\/\/www.europesays.com\/se\/126755\/"},"modified":"2026-01-05T19:46:06","modified_gmt":"2026-01-05T19:46:06","slug":"05-januari-18-51-trafikbrott-falun","status":"publish","type":"post","link":"https:\/\/www.europesays.com\/se\/126755\/","title":{"rendered":"05 januari 18.51, Trafikbrott, Falun"},"content":{"rendered":"<p class=\"preamble\">&#13;<br \/>\n            Polisen har genomf\u00f6rt en s\u00e5 kallad flygande besiktning p\u00e5 en epa-traktor i centrala Falun.&#13;\n        <\/p>\n<p>Polisen fick in samtal om en epa-traktor som framf\u00f6rdes f\u00f6r snabbt och v\u00e5rdsl\u00f6st. N\u00e4r fordonet p\u00e5tr\u00e4ffades bed\u00f6mdes det vara manipulerat och det beslutades d\u00e5 om registreringsbesiktning vilket inneb\u00e4r att det p\u00e5 nytt m\u00e5ste genomg\u00e5 kontroll p\u00e5 bilprovningen f\u00f6r att kunna klassas som traktor. F\u00f6raren fick inte k\u00f6ra vidare med fordonet som nu juridiskt sett betraktas som en bil, varp\u00e5 f\u00f6rarens v\u00e5rdnadshavare f\u00e5r komma och h\u00e4mta det.<\/p>\n<p>&#13;<br \/>\n            H\u00e4ndelsenotiserna ger kortfattad information om ett urval av de utryckningar som polisen g\u00f6r. Observera att det \u00e4r inledande uppgifter som ligger till grund f\u00f6r notiserna. Det betyder att uppgifterna kan komma att \u00e4ndras.&#13;\n        <\/p>\n","protected":false},"excerpt":{"rendered":"&#13; Polisen har genomf\u00f6rt en s\u00e5 kallad flygande besiktning p\u00e5 en epa-traktor i centrala Falun.&#13; Polisen fick in&hellip;\n","protected":false},"author":2,"featured_media":54,"comment_status":"","ping_status":"","sticky":false,"template":"","format":"standard","meta":{"footnotes":""},"categories":[12],"tags":[22,23,26,27,17,21,24,25,28,29,15,16,18,34,31,33,32,30,19,20],"class_list":{"0":"post-126755","1":"post","2":"type-post","3":"status-publish","4":"format-standard","5":"has-post-thumbnail","7":"category-sverige","8":"tag-breaking-news","9":"tag-breakingnews","10":"tag-featured-news","11":"tag-featurednews","12":"tag-headlines","13":"tag-huvudnyheter","14":"tag-latest-news","15":"tag-latestnews","16":"tag-main-news","17":"tag-mainnews","18":"tag-news","19":"tag-nyheter","20":"tag-rubriker","21":"tag-se","22":"tag-svenska","23":"tag-sverige","24":"tag-sweden","25":"tag-swedish","26":"tag-top-stories","27":"tag-topstories"},"share_on_mastodon":{"url":"https:\/\/pubeurope.com\/@se\/115844217817107067","error":""},"_links":{"self":[{"href":"https:\/\/www.europesays.com\/se\/wp-json\/wp\/v2\/posts\/126755","targetHints":{"allow":["GET"]}}],"collection":[{"href":"https:\/\/www.europesays.com\/se\/wp-json\/wp\/v2\/posts"}],"about":[{"href":"https:\/\/www.europesays.com\/se\/wp-json\/wp\/v2\/types\/post"}],"author":[{"embeddable":true,"href":"https:\/\/www.europesays.com\/se\/wp-json\/wp\/v2\/users\/2"}],"replies":[{"embeddable":true,"href":"https:\/\/www.europesays.com\/se\/wp-json\/wp\/v2\/comments?post=126755"}],"version-history":[{"count":0,"href":"https:\/\/www.europesays.com\/se\/wp-json\/wp\/v2\/posts\/126755\/revisions"}],"wp:featuredmedia":[{"embeddable":true,"href":"https:\/\/www.europesays.com\/se\/wp-json\/wp\/v2\/media\/54"}],"wp:attachment":[{"href":"https:\/\/www.europesays.com\/se\/wp-json\/wp\/v2\/media?parent=126755"}],"wp:term":[{"taxonomy":"category","embeddable":true,"href":"https:\/\/www.europesays.com\/se\/wp-json\/wp\/v2\/categories?post=126755"},{"taxonomy":"post_tag","embeddable":true,"href":"https:\/\/www.europesays.com\/se\/wp-json\/wp\/v2\/tags?post=126755"}],"curies":[{"name":"wp","href":"https:\/\/api.w.org\/{rel}","templated":true}]}}