{"id":126756,"date":"2026-01-05T19:47:15","date_gmt":"2026-01-05T19:47:15","guid":{"rendered":"https:\/\/www.europesays.com\/se\/126756\/"},"modified":"2026-01-05T19:47:15","modified_gmt":"2026-01-05T19:47:15","slug":"efter-bussolyckan-fem-vardas-fortfarande-pa-sjukhus-vasterbottens-kuriren","status":"publish","type":"post","link":"https:\/\/www.europesays.com\/se\/126756\/","title":{"rendered":"Efter bussolyckan: Fem v\u00e5rdas fortfarande p\u00e5 sjukhus &#8211; V\u00e4sterbottens-Kuriren"},"content":{"rendered":"<ol>\n<li><a href=\"https:\/\/news.google.com\/rss\/articles\/CBMijAFBVV95cUxNeEFFNlA5V0hNV3JhWDg1aDBUV3kxajQ3eW5WX3YtaTJWakNUY3A0aExzVHFPMzJ3cC1LZzB1SFdkcTJVUlowS1BqekpfOF9ldFZkS3gxeTMybmpoSG9jLUJjcUlVWEg1QlhiY09XUWRUa1k4MUNlSTJoQzZQdGxsbE5tcEt4S1E0T0Jqbg?oc=5\" target=\"_blank\" rel=\"nofollow noopener\">Efter bussolyckan: Fem v\u00e5rdas fortfarande p\u00e5 sjukhus<\/a>&nbsp;&nbsp;V\u00e4sterbottens-Kuriren<\/li>\n<li><a href=\"https:\/\/news.google.com\/rss\/articles\/CBMipAFBVV95cUxNVk9KMDkwVDdmXzBxUjc1czRNWkF5Q0lIaG5iZEZzbm1GVkxxb2JYWmVvd1ZtTlI1VE5ZYlhlelpiWl9FYjcwY042amtnMDZzd0djY2M4VGVDcHNCUkM2TkFSLXhBU0ptTDJLaDFzeGhjMDVFckNuNWhYWTVidHp6dGVTak9fOXVPaFRLM1diVXc1cmdJb24taUhDWUVuSWs5eWhTZA?oc=5\" target=\"_blank\" rel=\"nofollow noopener\">Fem personer kvar p\u00e5 sjukhus efter bussolyckan p\u00e5 E4<\/a>&nbsp;&nbsp;SVT Nyheter<\/li>\n<li><a href=\"https:\/\/news.google.com\/rss\/articles\/CBMingFBVV95cUxOMzFhdTNsRFNOZlMwR25NTElWZFVmNDZoeGE5OGUtV1BjQ0FkX1M3RUNzRXBNSFN4aHpZdm1JcWs5YmF6YWxDSnJFYXVkdUhvY2JFWllDOElZbHRleDhENUdMNThSaTh4dHNZQmZRbWU5ejd0UW8xU2RvRGNrRmpxc1BNZzdpSWZseWFCb0FodF83R0JXUC1Dc3pfanQ0UQ?oc=5\" target=\"_blank\" rel=\"nofollow noopener\">Efter bussolyckan p\u00e5 E4: Fem personer v\u00e5rdas fortfarande<\/a>&nbsp;&nbsp;Norran<\/li>\n<li><a href=\"https:\/\/news.google.com\/rss\/articles\/CBMilwFBVV95cUxPSXd6cjMzSlNMN0Q0VTlyUWszM29WNEE0ZVdfYmZ3VnhNMC1ZMU5HQ082WUtYYy1lc3F0dDFlUmVUMjh1c2ExVTdFMmhvXy1sdkZIMWV1cjEzVm9TWW1xUEE4TWNUMDJ5c0ZUejNTNlFadlBjT0hsWmVoTjU5SnFHSXo0VThEWk1Ua0VrMjhjcDZPWU1OcEJz?oc=5\" target=\"_blank\" rel=\"nofollow noopener\">Fem personer v\u00e5rdas fortfarande efter bussolyckan p\u00e5 E4 &#8211; P4 V\u00e4sterbotten<\/a>&nbsp;&nbsp;Sveriges Radio<\/li>\n<li><a href=\"https:\/\/news.google.com\/rss\/articles\/CBMieEFVX3lxTE1RZU1YTkdnLVV2dmFINGgyeVE3Q0gtMTVmT3YwZk5kUWpFR1BSUHZER3NxNTBPUXhwdFBXRXRsbXlDbzdFSWtBcHFLS1ppZWtFX2JHNXphVFMyZ1hSTE02LXR4bjR2ME50MWI5OGNhUFNWN0lNWktUTw?oc=5\" target=\"_blank\" rel=\"nofollow noopener\">En person allvarligt skadad i bussolycka<\/a>&nbsp;&nbsp;SvD<\/li>\n<\/ol>\n","protected":false},"excerpt":{"rendered":"Efter bussolyckan: Fem v\u00e5rdas fortfarande p\u00e5 sjukhus&nbsp;&nbsp;V\u00e4sterbottens-Kuriren Fem personer kvar p\u00e5 sjukhus efter bussolyckan p\u00e5 E4&nbsp;&nbsp;SVT Nyheter Efter&hellip;\n","protected":false},"author":2,"featured_media":123898,"comment_status":"","ping_status":"","sticky":false,"template":"","format":"standard","meta":{"footnotes":""},"categories":[5],"tags":[22,23,26,27,17,21,24,25,28,29,15,16,18,34,31,33,32,30,19,20],"class_list":{"0":"post-126756","1":"post","2":"type-post","3":"status-publish","4":"format-standard","5":"has-post-thumbnail","7":"category-rubriker","8":"tag-breaking-news","9":"tag-breakingnews","10":"tag-featured-news","11":"tag-featurednews","12":"tag-headlines","13":"tag-huvudnyheter","14":"tag-latest-news","15":"tag-latestnews","16":"tag-main-news","17":"tag-mainnews","18":"tag-news","19":"tag-nyheter","20":"tag-rubriker","21":"tag-se","22":"tag-svenska","23":"tag-sverige","24":"tag-sweden","25":"tag-swedish","26":"tag-top-stories","27":"tag-topstories"},"share_on_mastodon":{"url":"https:\/\/pubeurope.com\/@se\/115844221664227277","error":""},"_links":{"self":[{"href":"https:\/\/www.europesays.com\/se\/wp-json\/wp\/v2\/posts\/126756","targetHints":{"allow":["GET"]}}],"collection":[{"href":"https:\/\/www.europesays.com\/se\/wp-json\/wp\/v2\/posts"}],"about":[{"href":"https:\/\/www.europesays.com\/se\/wp-json\/wp\/v2\/types\/post"}],"author":[{"embeddable":true,"href":"https:\/\/www.europesays.com\/se\/wp-json\/wp\/v2\/users\/2"}],"replies":[{"embeddable":true,"href":"https:\/\/www.europesays.com\/se\/wp-json\/wp\/v2\/comments?post=126756"}],"version-history":[{"count":0,"href":"https:\/\/www.europesays.com\/se\/wp-json\/wp\/v2\/posts\/126756\/revisions"}],"wp:featuredmedia":[{"embeddable":true,"href":"https:\/\/www.europesays.com\/se\/wp-json\/wp\/v2\/media\/123898"}],"wp:attachment":[{"href":"https:\/\/www.europesays.com\/se\/wp-json\/wp\/v2\/media?parent=126756"}],"wp:term":[{"taxonomy":"category","embeddable":true,"href":"https:\/\/www.europesays.com\/se\/wp-json\/wp\/v2\/categories?post=126756"},{"taxonomy":"post_tag","embeddable":true,"href":"https:\/\/www.europesays.com\/se\/wp-json\/wp\/v2\/tags?post=126756"}],"curies":[{"name":"wp","href":"https:\/\/api.w.org\/{rel}","templated":true}]}}