{"id":126758,"date":"2026-01-05T19:54:12","date_gmt":"2026-01-05T19:54:12","guid":{"rendered":"https:\/\/www.europesays.com\/se\/126758\/"},"modified":"2026-01-05T19:54:12","modified_gmt":"2026-01-05T19:54:12","slug":"ny-granskning-visar-over-halften-av-natlakarbesoken-saknar-grund-for-ersattning","status":"publish","type":"post","link":"https:\/\/www.europesays.com\/se\/126758\/","title":{"rendered":"Ny granskning visar: \u00d6ver h\u00e4lften av n\u00e4tl\u00e4karbes\u00f6ken saknar grund f\u00f6r ers\u00e4ttning"},"content":{"rendered":"<p>I november 2025 gick Region S\u00f6rmland ut med en granskning som utf\u00f6rts av Region Stockholm. <a href=\"https:\/\/www.svt.se\/nyheter\/lokalt\/sormland\/natlakarbolag-riskerar-mangmiljonsmall-efter-granskning\" rel=\"nofollow noopener\" target=\"_blank\">Enligt den hade b\u00e5de Kry Och Doktor.se, som \u00e4r hemmah\u00f6rande i S\u00f6rmland, fakturerat f\u00f6r bes\u00f6k som de inte haft r\u00e4tt till. <\/a><\/p>\n<p>Det handlande bland annat om bes\u00f6k d\u00e4r patienten h\u00e4nvisats till fysisk v\u00e5rdcentral eller enklare r\u00e5dgivning. Bes\u00f6ken klassas enligt Region S\u00f6rmland inte som kvalificerad v\u00e5rd och man menar d\u00e4rf\u00f6r att v\u00e5rdbolagen inte har r\u00e4tt att fakturera f\u00f6r dessa. <\/p>\n<p>Efter rapporten fr\u00e5n Region Stockholm p\u00e5b\u00f6rjade Region S\u00f6rmland en egen granskning. I denna har omkring 170 journaler fr\u00e5n respektive v\u00e5rdbolag granskats. Enligt regionen har man gjort ett delvis annorlunda urval \u00e4n tidigare granskning.<\/p>\n<p>\u2013 Slutsatserna fr\u00e5n de b\u00e5da granskningarna st\u00e4mmer v\u00e4l \u00f6verens och st\u00e4rker v\u00e5r uppfattning om att drygt h\u00e4lften av de granskade digitala v\u00e5rdkontakterna inte utg\u00f6r kvalificerad v\u00e5rd, s\u00e4ger Mats Henningsson, h\u00e4lsovalschef i Region S\u00f6rmland, i ett pressmeddelande. <\/p>\n<p>V\u00e5rdbolagen h\u00e5ller inte med<\/p>\n<p>B\u00e5de Kry och Doktor.se har tidigare kommenterat granskningen fr\u00e5n Region Stockholm och menar att kritiken \u00e4r felaktig och missvisande.<\/p>\n<p>Enligt Krys egna genomg\u00e5ng av journalerna ser f\u00f6retaget att man bara kan ifr\u00e5gas\u00e4tta huruvida 13 procent av de granskade bes\u00f6ken \u00e4r ers\u00e4ttningsbara eller inte. Region Stockholms granskning visade 55 procent.<\/p>\n<p>Enligt Region S\u00f6rmland kan de brister som framkommit i granskningarna leda till \u00e5terbetalningskrav eller andra sanktioner mot v\u00e5rdgivarna.<\/p>\n<p>I videon nedan: Se hur det gick till n\u00e4r SVT:s reporter testade att s\u00f6ka v\u00e5rd f\u00f6r ett f\u00f6delsem\u00e4rke hos flera n\u00e4tl\u00e4kare.<\/p>\n","protected":false},"excerpt":{"rendered":"I november 2025 gick Region S\u00f6rmland ut med en granskning som utf\u00f6rts av Region Stockholm. Enligt den hade&hellip;\n","protected":false},"author":2,"featured_media":126759,"comment_status":"","ping_status":"","sticky":false,"template":"","format":"standard","meta":{"footnotes":""},"categories":[12],"tags":[22,23,26,27,17,21,24,25,28,29,15,16,18,34,31,33,32,30,19,20],"class_list":{"0":"post-126758","1":"post","2":"type-post","3":"status-publish","4":"format-standard","5":"has-post-thumbnail","7":"category-sverige","8":"tag-breaking-news","9":"tag-breakingnews","10":"tag-featured-news","11":"tag-featurednews","12":"tag-headlines","13":"tag-huvudnyheter","14":"tag-latest-news","15":"tag-latestnews","16":"tag-main-news","17":"tag-mainnews","18":"tag-news","19":"tag-nyheter","20":"tag-rubriker","21":"tag-se","22":"tag-svenska","23":"tag-sverige","24":"tag-sweden","25":"tag-swedish","26":"tag-top-stories","27":"tag-topstories"},"share_on_mastodon":{"url":"https:\/\/pubeurope.com\/@se\/115844249319438978","error":""},"_links":{"self":[{"href":"https:\/\/www.europesays.com\/se\/wp-json\/wp\/v2\/posts\/126758","targetHints":{"allow":["GET"]}}],"collection":[{"href":"https:\/\/www.europesays.com\/se\/wp-json\/wp\/v2\/posts"}],"about":[{"href":"https:\/\/www.europesays.com\/se\/wp-json\/wp\/v2\/types\/post"}],"author":[{"embeddable":true,"href":"https:\/\/www.europesays.com\/se\/wp-json\/wp\/v2\/users\/2"}],"replies":[{"embeddable":true,"href":"https:\/\/www.europesays.com\/se\/wp-json\/wp\/v2\/comments?post=126758"}],"version-history":[{"count":0,"href":"https:\/\/www.europesays.com\/se\/wp-json\/wp\/v2\/posts\/126758\/revisions"}],"wp:featuredmedia":[{"embeddable":true,"href":"https:\/\/www.europesays.com\/se\/wp-json\/wp\/v2\/media\/126759"}],"wp:attachment":[{"href":"https:\/\/www.europesays.com\/se\/wp-json\/wp\/v2\/media?parent=126758"}],"wp:term":[{"taxonomy":"category","embeddable":true,"href":"https:\/\/www.europesays.com\/se\/wp-json\/wp\/v2\/categories?post=126758"},{"taxonomy":"post_tag","embeddable":true,"href":"https:\/\/www.europesays.com\/se\/wp-json\/wp\/v2\/tags?post=126758"}],"curies":[{"name":"wp","href":"https:\/\/api.w.org\/{rel}","templated":true}]}}