{"id":126768,"date":"2026-01-05T20:05:09","date_gmt":"2026-01-05T20:05:09","guid":{"rendered":"https:\/\/www.europesays.com\/se\/126768\/"},"modified":"2026-01-05T20:05:09","modified_gmt":"2026-01-05T20:05:09","slug":"ett-ar-av-forskning-flera-stora-framsteg-inom-cancer","status":"publish","type":"post","link":"https:\/\/www.europesays.com\/se\/126768\/","title":{"rendered":"Ett \u00e5r av forskning: Flera stora framsteg inom cancer"},"content":{"rendered":"<p><strong>Mats Jerkeman<\/strong> \u00e4r professor i klinisk onkologi och f\u00f6rest\u00e5ndare f\u00f6r Lunds universitets cancercentrum och han har tillsammans med <strong>Gustav Ullenhag<\/strong>, \u00f6verl\u00e4kare vid Akademiska sjukhuset, tittat p\u00e5 vad som h\u00e4nt inom cancerforskningen under 2025.\u00a0<\/p>\n<p>B\u00e5da lyfter fram nyheter som handlar om olika former av immunterapier, skriver <a href=\"http:\/\/aftonbladet.se\/halsa\/a\/j0dP8w\/viktigaste-framsteget-mot-cancer-2025\" rel=\"nofollow noopener\" target=\"_blank\">Aftonbladet<\/a>.<\/p>\n<p>\u201c\u00c5rets genombrott inom cancerforskning har varit ov\u00e4ntade \u2013 de hade inte g\u00e5tt att f\u00f6rutse. Och det \u00e4r v\u00e4l det h\u00e4r som g\u00f6r genombrotten s\u00e5 sensationella\u201d, s\u00e4ger <a href=\"https:\/\/portal.research.lu.se\/sv\/persons\/mats-jerkeman\/\" rel=\"nofollow noopener\" target=\"_blank\">Mats Jerkeman<\/a> till Aftonbladet.<\/p>\n<p><strong>MISSA INTE: <\/strong><a href=\"http:\/\/news55.se\/privatekonomi\/dyr-falla-for-pension-vantar-223-000-svenskar-med-sjukersattning\/\" rel=\"nofollow noopener\" target=\"_blank\">Dyr f\u00e4lla f\u00f6r pension v\u00e4ntar 223 000 svenskar med sjukers\u00e4ttning<\/a><\/p>\n<p>Immunterapier har utvecklats kraftigt<\/p>\n<p>Mycket av det som h\u00e4nt under \u00e5ret handlar om immunterapier, allts\u00e5 behandling som g\u00f6r immunsystemet mer aktivt s\u00e5 att det kan d\u00f6da tum\u00f6rceller.\u00a0<\/p>\n<p>En stor nyhet handlar om CAR-T-behandlingar d\u00e4r man normalt tar ut patientens T-celler fr\u00e5n blodet och skickar dem till en fabrik d\u00e4r de omprogrammeras, en process som brukar ta fyra veckor.\u00a0<\/p>\n<p>Men nu har resultat fr\u00e5n Australien och USA visat en helt ny metod d\u00e4r v\u00e4ntetiden f\u00f6rsvinner helt.<\/p>\n<p>\u201cFyra personer med myelom slapp v\u00e4ntetiden \u2013 f\u00f6r man gav viruspartiklarna direkt i patienten, s\u00e5 att CAR-T-cellerna i st\u00e4llet tillverkades i patientens egen kropp. Hittills har man inte sett \u00e5terfall\u201d, s\u00e4ger Mats Jerkeman.<\/p>\n<p><strong>MISSA INTE: <\/strong><a href=\"http:\/\/news55.se\/halsa\/cancer-i-lungan-kan-upptackas-pa-tio-markorer-i-ditt-andetag\/\" rel=\"nofollow noopener\" target=\"_blank\">Cancer i lungan kan uppt\u00e4ckas \u2013 p\u00e5 tio mark\u00f6rer i ditt andetag<\/a><\/p>\n","protected":false},"excerpt":{"rendered":"Mats Jerkeman \u00e4r professor i klinisk onkologi och f\u00f6rest\u00e5ndare f\u00f6r Lunds universitets cancercentrum och han har tillsammans med&hellip;\n","protected":false},"author":2,"featured_media":126769,"comment_status":"","ping_status":"","sticky":false,"template":"","format":"standard","meta":{"footnotes":""},"categories":[69],"tags":[5444,1761,13160,13161,632,113,112,34,4595,31,33,32,30,5235],"class_list":{"0":"post-126768","1":"post","2":"type-post","3":"status-publish","4":"format-standard","5":"has-post-thumbnail","7":"category-halsa","8":"tag-aldre","9":"tag-cancer","10":"tag-cancerbehandling","11":"tag-cancerprevention","12":"tag-forskning","13":"tag-halsa","14":"tag-health","15":"tag-se","16":"tag-studie","17":"tag-svenska","18":"tag-sverige","19":"tag-sweden","20":"tag-swedish","21":"tag-tips"},"share_on_mastodon":{"url":"https:\/\/pubeurope.com\/@se\/115844292453603095","error":""},"_links":{"self":[{"href":"https:\/\/www.europesays.com\/se\/wp-json\/wp\/v2\/posts\/126768","targetHints":{"allow":["GET"]}}],"collection":[{"href":"https:\/\/www.europesays.com\/se\/wp-json\/wp\/v2\/posts"}],"about":[{"href":"https:\/\/www.europesays.com\/se\/wp-json\/wp\/v2\/types\/post"}],"author":[{"embeddable":true,"href":"https:\/\/www.europesays.com\/se\/wp-json\/wp\/v2\/users\/2"}],"replies":[{"embeddable":true,"href":"https:\/\/www.europesays.com\/se\/wp-json\/wp\/v2\/comments?post=126768"}],"version-history":[{"count":0,"href":"https:\/\/www.europesays.com\/se\/wp-json\/wp\/v2\/posts\/126768\/revisions"}],"wp:featuredmedia":[{"embeddable":true,"href":"https:\/\/www.europesays.com\/se\/wp-json\/wp\/v2\/media\/126769"}],"wp:attachment":[{"href":"https:\/\/www.europesays.com\/se\/wp-json\/wp\/v2\/media?parent=126768"}],"wp:term":[{"taxonomy":"category","embeddable":true,"href":"https:\/\/www.europesays.com\/se\/wp-json\/wp\/v2\/categories?post=126768"},{"taxonomy":"post_tag","embeddable":true,"href":"https:\/\/www.europesays.com\/se\/wp-json\/wp\/v2\/tags?post=126768"}],"curies":[{"name":"wp","href":"https:\/\/api.w.org\/{rel}","templated":true}]}}