{"id":126778,"date":"2026-01-05T20:20:13","date_gmt":"2026-01-05T20:20:13","guid":{"rendered":"https:\/\/www.europesays.com\/se\/126778\/"},"modified":"2026-01-05T20:20:13","modified_gmt":"2026-01-05T20:20:13","slug":"linus-25-ar-fast-paschiphol-i-snokaoset","status":"publish","type":"post","link":"https:\/\/www.europesays.com\/se\/126778\/","title":{"rendered":"Linus, 25, \u00e4r fast p\u00e5\nSchiphol i sn\u00f6kaoset"},"content":{"rendered":"<p>Publicerad 5 jan 2026 kl 17.31Uppdaterad kl 18.53<\/p>\n<p>Linus Johansson, 25, fr\u00e5n G\u00f6teborg ska resa till Brasilien f\u00f6r att jobba i en m\u00e5nad\u00a0<\/p>\n<p>Men sn\u00f6kaoset har strandat honom p\u00e5 Schiphol i Amsterdam.\u00a0<\/p>\n<p>\u2013 Man f\u00e5r g\u00f6ra det b\u00e4sta av situationen, s\u00e4ger han fr\u00e5n den h\u00e5rt drabbade flygplatsen.\u00a0<\/p>\n<p>Senaste nyhetsklippen fr\u00e5n Expressen.<img   alt=\"\"\/><\/p>\n<p>Sn\u00f6kaos p\u00e5 Schiphols flygplats i Amsterdam.<\/p>\n<p>Foto: Linus Johansson \/ L\u00e4sarbild<\/p>\n<p>\u00d6ppna bild i helsk\u00e4rm<img loading=\"lazy\"   alt=\"\"\/><\/p>\n<p>K\u00f6erna till Schiphols informationsdiskar ringlar sig l\u00e5nga<\/p>\n<p>Foto: Linus Johansson \/ L\u00e4sarbild<\/p>\n<p>\u00d6ppna bild i helsk\u00e4rm<img loading=\"lazy\"   alt=\"\"\/><\/p>\n<p>De flyg som inte \u00e4r inst\u00e4llda \u00e4r f\u00f6rsenade.<\/p>\n<p>Foto: Linus Johansson \/ L\u00e4sarbild<\/p>\n<p>\u00d6ppna bild i helsk\u00e4rm<\/p>\n<p>Om allt flyter p\u00e5 som det ska s\u00e5 kommer Linus Johansson under tisdagen att flyga till Barcelona f\u00f6r att byta till ett flyg mot <a href=\"https:\/\/www.expressen.se\/tagg\/location\/brasilien\/\" class=\"\" rel=\"nofollow noopener\" target=\"_blank\">Brasilien<\/a> d\u00e4r han ska jobba inom jordbruksbranschen i en m\u00e5nad. \u00a0<\/p>\n<p>Han kommer d\u00e5 ha tillbringat tv\u00e5 dygn p\u00e5 den nederl\u00e4ndska flygplatsen Schiphol.\u00a0<\/p>\n<p>Men hittills har inget flutit p\u00e5 som det ska.\u00a0<\/p>\n<p>\u2013 F\u00f6rst skulle jag flyga fr\u00e5n Landvetter till Schiphol klockan 06 p\u00e5 s\u00f6ndagsmorgonen. Men flyget blev framflyttat fem timmar s\u00e5 jag blev f\u00f6rsenad och missade anslutningsflyget till Brasilien.\u00a0<\/p>\n<p>K\u00f6erna \u00e4r timsl\u00e5nga<\/p>\n<p>Han blev ombokad till ett flyg som skulle g\u00e5 under m\u00e5ndagsf\u00f6rmiddagen. Det blev ocks\u00e5 f\u00f6rsenat f\u00f6r att sedan st\u00e4llas in helt.\u00a0<\/p>\n<p>Gula v\u00e4dervarningar har utf\u00e4rdats i Nederl\u00e4nderna och den gigantiska flygplatsen var under helgen v\u00e4rldens mest st\u00f6rningsdrabbade.\u00a0<\/p>\n<p>Under m\u00e5ndagen st\u00e4lldes trafiken in fram till klockan 14 p\u00e5 grund av sn\u00f6t\u00e4ckta start- och landningsbanor.\u00a0<\/p>\n<p>Sedan rapporterade inhemska medier om att viss, begr\u00e4nsad trafik b\u00f6rjat sl\u00e4ppas p\u00e5.\u00a0<\/p>\n<p>\u2013 Jag har f\u00f6rst\u00e5tt det som att inga flyg l\u00e4mnar den h\u00e4r flygplatsen i dag, s\u00e4ger Linus Johansson.\u00a0<\/p>\n<p>Utanf\u00f6r flygplatsen \u00e4r t\u00e5gen inst\u00e4llda och k\u00f6erna till taxibilar \u00e4r timsl\u00e5nga.<\/p>\n<p><img loading=\"lazy\"   alt=\"\"\/><\/p>\n<p>T\u00e5gen har st\u00e4llts in fr\u00e5n Schiphol och det \u00e4r timmars k\u00f6tid till taxi.<\/p>\n<p>Foto: Linus Johansson \/ L\u00e4sarbild<\/p>\n<p>\u00d6ppna bild i helsk\u00e4rm<img loading=\"lazy\"   alt=\"\"\/><\/p>\n<p>L\u00e5ng k\u00f6 till taxi utanf\u00f6r flygplatsen.<\/p>\n<p>Foto: Linus Johansson \/ L\u00e4sarbild<\/p>\n<p>\u00d6ppna bild i helsk\u00e4rm<img loading=\"lazy\"   alt=\"\"\/><\/p>\n<p>Flygplatsen beskrivs som v\u00e4rldens v\u00e4rst drabbade under den g\u00e5ngna helgen.<\/p>\n<p>Foto: Linus Johansson \/ L\u00e4sarbild<\/p>\n<p>\u00d6ppna bild i helsk\u00e4rmReser i fem dygn\u00a0<\/p>\n<p>I morgon, tisdag, eftermiddag \u00e4r han ombokad p\u00e5 ett flyg till Barcelona och ska d\u00e4rifr\u00e5n resa till Brasilien.\u00a0<\/p>\n<p>\u2013 Min totala restid kommer d\u00e5 bli ungef\u00e4r fem dygn.\u00a0<\/p>\n<p>Han ger \u00e4nd\u00e5 flygbolaget, KLM, godk\u00e4nt f\u00f6r kommunikationen kring f\u00f6rseningar och inst\u00e4llda flyg. D\u00e4remot \u00e4r det upp till kunderna att k\u00e4mpa f\u00f6r fria hotelln\u00e4tter.\u00a0<\/p>\n<p>\u2013 Det \u00e4r inget som sker automatiskt. Man f\u00e5r ligga ute med pengar och reklamera det sen.\u00a0<\/p>\n<p><strong>Hur k\u00e4nns det att vara fast d\u00e4r?\u00a0<\/strong><\/p>\n<p>\u2013 Det \u00e4r absolut v\u00e4ldigt tr\u00e5kigt. Men man f\u00e5r g\u00f6ra det b\u00e4sta av situationen och jobba lite p\u00e5 datorn.\u00a0<\/p>\n<p>Linus Johansson ber\u00e4ttar att det med tanke p\u00e5 omst\u00e4ndigheterna \u00e4r f\u00f6rv\u00e5nansv\u00e4rt lite resen\u00e4rer p\u00e5 flygplatsen.\u00a0<\/p>\n<p>\u2013 Antagligen eftersom de inte sl\u00e4pper in mer folk och flygen inte f\u00e5r landa.\u00a0<\/p>\n","protected":false},"excerpt":{"rendered":"Publicerad 5 jan 2026 kl 17.31Uppdaterad kl 18.53 Linus Johansson, 25, fr\u00e5n G\u00f6teborg ska resa till Brasilien f\u00f6r&hellip;\n","protected":false},"author":2,"featured_media":126779,"comment_status":"","ping_status":"","sticky":false,"template":"","format":"standard","meta":{"footnotes":""},"categories":[5],"tags":[22,23,26,27,17,21,24,25,13164,4340,28,29,15,16,18,34,154,31,33,32,30,19,437,20],"class_list":{"0":"post-126778","1":"post","2":"type-post","3":"status-publish","4":"format-standard","5":"has-post-thumbnail","7":"category-rubriker","8":"tag-breaking-news","9":"tag-breakingnews","10":"tag-featured-news","11":"tag-featurednews","12":"tag-headlines","13":"tag-huvudnyheter","14":"tag-latest-news","15":"tag-latestnews","16":"tag-location-amsterdam","17":"tag-location-brasilien","18":"tag-main-news","19":"tag-mainnews","20":"tag-news","21":"tag-nyheter","22":"tag-rubriker","23":"tag-se","24":"tag-sections-sverige","25":"tag-svenska","26":"tag-sverige","27":"tag-sweden","28":"tag-swedish","29":"tag-top-stories","30":"tag-topic-kollektivtrafik","31":"tag-topstories"},"share_on_mastodon":{"url":"https:\/\/pubeurope.com\/@se\/115844351479674342","error":""},"_links":{"self":[{"href":"https:\/\/www.europesays.com\/se\/wp-json\/wp\/v2\/posts\/126778","targetHints":{"allow":["GET"]}}],"collection":[{"href":"https:\/\/www.europesays.com\/se\/wp-json\/wp\/v2\/posts"}],"about":[{"href":"https:\/\/www.europesays.com\/se\/wp-json\/wp\/v2\/types\/post"}],"author":[{"embeddable":true,"href":"https:\/\/www.europesays.com\/se\/wp-json\/wp\/v2\/users\/2"}],"replies":[{"embeddable":true,"href":"https:\/\/www.europesays.com\/se\/wp-json\/wp\/v2\/comments?post=126778"}],"version-history":[{"count":0,"href":"https:\/\/www.europesays.com\/se\/wp-json\/wp\/v2\/posts\/126778\/revisions"}],"wp:featuredmedia":[{"embeddable":true,"href":"https:\/\/www.europesays.com\/se\/wp-json\/wp\/v2\/media\/126779"}],"wp:attachment":[{"href":"https:\/\/www.europesays.com\/se\/wp-json\/wp\/v2\/media?parent=126778"}],"wp:term":[{"taxonomy":"category","embeddable":true,"href":"https:\/\/www.europesays.com\/se\/wp-json\/wp\/v2\/categories?post=126778"},{"taxonomy":"post_tag","embeddable":true,"href":"https:\/\/www.europesays.com\/se\/wp-json\/wp\/v2\/tags?post=126778"}],"curies":[{"name":"wp","href":"https:\/\/api.w.org\/{rel}","templated":true}]}}