{"id":126794,"date":"2026-01-05T20:36:24","date_gmt":"2026-01-05T20:36:24","guid":{"rendered":"https:\/\/www.europesays.com\/se\/126794\/"},"modified":"2026-01-05T20:36:24","modified_gmt":"2026-01-05T20:36:24","slug":"flera-olyckor-i-smaland-snon-vander-norrut","status":"publish","type":"post","link":"https:\/\/www.europesays.com\/se\/126794\/","title":{"rendered":"Flera olyckor i Sm\u00e5land \u2013 sn\u00f6n v\u00e4nder norrut"},"content":{"rendered":"<p>Flera personer har f\u00e5tt f\u00f6ras till sjukhus efter olyckor i sn\u00f6kaoset i Kalmar l\u00e4n, rapporterar P4 Kalmar. En 20-\u00e5rig man intensivv\u00e5rdas med livshotande skador efter en singelolycka under natten mot m\u00e5ndagen, skriver SVT Sm\u00e5land.<\/p>\n<p>SMHI har utf\u00e4rdat flera gula varningar f\u00f6r sn\u00f6fall under m\u00e5ndagen, men nederb\u00f6rden r\u00f6r sig fort och ser nu ut att jobba sig norrut, enligt meteorolog Emma H\u00e4renstam.<\/p>\n<p>\u2013 Och d\u00e5 intensifieras det v\u00e4st om V\u00e4nern, men framf\u00f6r allt i norra Kalmar l\u00e4n, s\u00e4ger hon till Expressen.<\/p>\n<p>Omni \u00e4r politiskt obundna och oberoende. Vi str\u00e4var efter att ge fler perspektiv p\u00e5 nyheterna. Har du fr\u00e5gor eller synpunkter kring v\u00e5r rapportering? <a href=\"https:\/\/omni.se\/flera-olyckor-i-smaland-snon-vander-norrut\/a\/mailto:redaktion@omni.se\" class=\"ArticleActions_contactLink__W2F1M\" rel=\"nofollow noopener\" target=\"_blank\">Kontakta redaktionen<\/a><\/p>\n","protected":false},"excerpt":{"rendered":"Flera personer har f\u00e5tt f\u00f6ras till sjukhus efter olyckor i sn\u00f6kaoset i Kalmar l\u00e4n, rapporterar P4 Kalmar. En&hellip;\n","protected":false},"author":2,"featured_media":126795,"comment_status":"","ping_status":"","sticky":false,"template":"","format":"standard","meta":{"footnotes":""},"categories":[5],"tags":[22,23,26,27,17,21,1335,24,25,28,29,15,16,18,34,842,31,33,32,30,19,20,366,693],"class_list":{"0":"post-126794","1":"post","2":"type-post","3":"status-publish","4":"format-standard","5":"has-post-thumbnail","7":"category-rubriker","8":"tag-breaking-news","9":"tag-breakingnews","10":"tag-featured-news","11":"tag-featurednews","12":"tag-headlines","13":"tag-huvudnyheter","14":"tag-kalmar-lan","15":"tag-latest-news","16":"tag-latestnews","17":"tag-main-news","18":"tag-mainnews","19":"tag-news","20":"tag-nyheter","21":"tag-rubriker","22":"tag-se","23":"tag-smhi","24":"tag-svenska","25":"tag-sverige","26":"tag-sweden","27":"tag-swedish","28":"tag-top-stories","29":"tag-topstories","30":"tag-trafik","31":"tag-vader"},"share_on_mastodon":{"url":"https:\/\/pubeurope.com\/@se\/115844414320722974","error":""},"_links":{"self":[{"href":"https:\/\/www.europesays.com\/se\/wp-json\/wp\/v2\/posts\/126794","targetHints":{"allow":["GET"]}}],"collection":[{"href":"https:\/\/www.europesays.com\/se\/wp-json\/wp\/v2\/posts"}],"about":[{"href":"https:\/\/www.europesays.com\/se\/wp-json\/wp\/v2\/types\/post"}],"author":[{"embeddable":true,"href":"https:\/\/www.europesays.com\/se\/wp-json\/wp\/v2\/users\/2"}],"replies":[{"embeddable":true,"href":"https:\/\/www.europesays.com\/se\/wp-json\/wp\/v2\/comments?post=126794"}],"version-history":[{"count":0,"href":"https:\/\/www.europesays.com\/se\/wp-json\/wp\/v2\/posts\/126794\/revisions"}],"wp:featuredmedia":[{"embeddable":true,"href":"https:\/\/www.europesays.com\/se\/wp-json\/wp\/v2\/media\/126795"}],"wp:attachment":[{"href":"https:\/\/www.europesays.com\/se\/wp-json\/wp\/v2\/media?parent=126794"}],"wp:term":[{"taxonomy":"category","embeddable":true,"href":"https:\/\/www.europesays.com\/se\/wp-json\/wp\/v2\/categories?post=126794"},{"taxonomy":"post_tag","embeddable":true,"href":"https:\/\/www.europesays.com\/se\/wp-json\/wp\/v2\/tags?post=126794"}],"curies":[{"name":"wp","href":"https:\/\/api.w.org\/{rel}","templated":true}]}}