{"id":126808,"date":"2026-01-05T21:00:18","date_gmt":"2026-01-05T21:00:18","guid":{"rendered":"https:\/\/www.europesays.com\/se\/126808\/"},"modified":"2026-01-05T21:00:18","modified_gmt":"2026-01-05T21:00:18","slug":"polisens-svar-om-kaoset-pa-nyar-svart-att-forhindra-ekuriren","status":"publish","type":"post","link":"https:\/\/www.europesays.com\/se\/126808\/","title":{"rendered":"Polisens svar \u2013 om kaoset p\u00e5 ny\u00e5r: \u201dSv\u00e5rt att f\u00f6rhindra\u201d &#8211; Ekuriren"},"content":{"rendered":"<ol>\n<li><a href=\"https:\/\/news.google.com\/rss\/articles\/CBMiqgFBVV95cUxPS2o4Um91S25BOXRoRWdRTzQ2RlNBdEY5bnJRb3I4c1Z2aXBlSGlmdWJVcXF1T0hrR3Z2dW5LLUZ2QmxPakk3SlR6SmY0aU51eXhoRGJ5VnFieEE3RUxEVW1Zc2hsQUQ0dGZ2NkJVbktqLXdzUlZzT3FscGp0RldwaDVmRE1xZFBURGw0U3hjWUduQWZ2OTcxVmFlTjhFZzFFVG5SRXVqN1lMUQ?oc=5\" target=\"_blank\" rel=\"nofollow noopener\">Polisens svar \u2013 om kaoset p\u00e5 ny\u00e5r: \u201dSv\u00e5rt att f\u00f6rhindra\u201d<\/a>&nbsp;&nbsp;Ekuriren<\/li>\n<li><a href=\"https:\/\/news.google.com\/rss\/articles\/CBMikgFBVV95cUxOUHEyZGRCUmFzWkxHNlZYbmFSemZQNFEzNXdkeHdoR1Fib2xqRkE0NlhvQU10NkE0c1RoZVc1NTlCU2JpM3JQQTNISjdnUVJfUTkzRHNreUxiRXQwQXZmQTB6MUctcjNydFFMekU1eTNCRTVydEU5RVk1Q1VDaC1BVXVsazU2eEZWbVVmcW85NHpRdw?oc=5\" target=\"_blank\" rel=\"nofollow noopener\">Efter raketkaoset p\u00e5 ny\u00e5r: \u201dTummar inte p\u00e5 s\u00e4kerheten\u201d<\/a>&nbsp;&nbsp;Sveriges Radio<\/li>\n<li><a href=\"https:\/\/news.google.com\/rss\/articles\/CBMipwFBVV95cUxNNkpOS3ZKXzJ4a2pXem1UYUdobHJINTJyWmJNVTdFY0lldkQ1Smp3UXNQeEpZUk9KbWp6eEd6VVAyX25IdnpvSVhJUXVZNHlZS3VfRkZ3SEJvbkVWQjhYTEtvT1hMUnVTZVlobmxJNDN1X3pCOVh0dVo3TXdHS0lLOGY4aTlENmwyQmJKcU5pbnB5elB4TjZiOGRyU1hTalNtMzdZQzIxOA?oc=5\" target=\"_blank\" rel=\"nofollow noopener\">Premi\u00e4r f\u00f6r lasershow i Eskilstuna \u2013 ers\u00e4tter ny\u00e5rsfyrverkeriet<\/a>&nbsp;&nbsp;SVT Nyheter<\/li>\n<li><a href=\"https:\/\/news.google.com\/rss\/articles\/CBMirwFBVV95cUxObVRic1hjMGV4ZkZSd0RnT1d6eWVVRXhMQVNidDREM3A3eFZINDJGSFRVZWkwNG4tVTRiLTFLS1JfOHU5azNMNTVkT2thbXVxMDl0TzUycjBIWXBSemk1UnRoSDJfTVFidi1yd0NJaDRKYV9jbFRrRkZpNGNUNl9IaXI2dXJBbk1FWGJNY3E3dWc3c0FiOFZXQmpnOVdndDFsRTdyYmFVVVNsOV91NVFn?oc=5\" target=\"_blank\" rel=\"nofollow noopener\">Barnfamiljens ot\u00e4cka ny\u00e5rsfirande: &#8221;K\u00e4ndes inte tryggt&#8221;<\/a>&nbsp;&nbsp;Ekuriren<\/li>\n<li><a href=\"https:\/\/news.google.com\/rss\/articles\/CBMijwFBVV95cUxOem1MR1lpejM2c0RmOVN3ak5Eb2RyYklCX0l0Z2NVZlhkbC1KQXhIbGpoMVFnR1dCNEZIRm1WbnBMNFZtaTNsTkx1cng3amN0alNXazcyaENaOWc1X0RnTHZRTEZERm13c3hnTjBGRXk2eEVRR2RwUHRHYzBULWg1SDU1ZDhKNnU1dlpFLTVtYw?oc=5\" target=\"_blank\" rel=\"nofollow noopener\">INS\u00c4NDARE: Kommunens tanke var god, men&#8230;<\/a>&nbsp;&nbsp;Strengn\u00e4s Tidning<\/li>\n<\/ol>\n","protected":false},"excerpt":{"rendered":"Polisens svar \u2013 om kaoset p\u00e5 ny\u00e5r: \u201dSv\u00e5rt att f\u00f6rhindra\u201d&nbsp;&nbsp;Ekuriren Efter raketkaoset p\u00e5 ny\u00e5r: \u201dTummar inte p\u00e5 s\u00e4kerheten\u201d&nbsp;&nbsp;Sveriges&hellip;\n","protected":false},"author":2,"featured_media":126809,"comment_status":"","ping_status":"","sticky":false,"template":"","format":"standard","meta":{"footnotes":""},"categories":[12],"tags":[22,23,26,27,17,21,24,25,28,29,15,16,18,34,31,33,32,30,19,20],"class_list":{"0":"post-126808","1":"post","2":"type-post","3":"status-publish","4":"format-standard","5":"has-post-thumbnail","7":"category-sverige","8":"tag-breaking-news","9":"tag-breakingnews","10":"tag-featured-news","11":"tag-featurednews","12":"tag-headlines","13":"tag-huvudnyheter","14":"tag-latest-news","15":"tag-latestnews","16":"tag-main-news","17":"tag-mainnews","18":"tag-news","19":"tag-nyheter","20":"tag-rubriker","21":"tag-se","22":"tag-svenska","23":"tag-sverige","24":"tag-sweden","25":"tag-swedish","26":"tag-top-stories","27":"tag-topstories"},"share_on_mastodon":{"url":"https:\/\/pubeurope.com\/@se\/115844508737474666","error":""},"_links":{"self":[{"href":"https:\/\/www.europesays.com\/se\/wp-json\/wp\/v2\/posts\/126808","targetHints":{"allow":["GET"]}}],"collection":[{"href":"https:\/\/www.europesays.com\/se\/wp-json\/wp\/v2\/posts"}],"about":[{"href":"https:\/\/www.europesays.com\/se\/wp-json\/wp\/v2\/types\/post"}],"author":[{"embeddable":true,"href":"https:\/\/www.europesays.com\/se\/wp-json\/wp\/v2\/users\/2"}],"replies":[{"embeddable":true,"href":"https:\/\/www.europesays.com\/se\/wp-json\/wp\/v2\/comments?post=126808"}],"version-history":[{"count":0,"href":"https:\/\/www.europesays.com\/se\/wp-json\/wp\/v2\/posts\/126808\/revisions"}],"wp:featuredmedia":[{"embeddable":true,"href":"https:\/\/www.europesays.com\/se\/wp-json\/wp\/v2\/media\/126809"}],"wp:attachment":[{"href":"https:\/\/www.europesays.com\/se\/wp-json\/wp\/v2\/media?parent=126808"}],"wp:term":[{"taxonomy":"category","embeddable":true,"href":"https:\/\/www.europesays.com\/se\/wp-json\/wp\/v2\/categories?post=126808"},{"taxonomy":"post_tag","embeddable":true,"href":"https:\/\/www.europesays.com\/se\/wp-json\/wp\/v2\/tags?post=126808"}],"curies":[{"name":"wp","href":"https:\/\/api.w.org\/{rel}","templated":true}]}}