{"id":126810,"date":"2026-01-05T21:06:22","date_gmt":"2026-01-05T21:06:22","guid":{"rendered":"https:\/\/www.europesays.com\/se\/126810\/"},"modified":"2026-01-05T21:06:22","modified_gmt":"2026-01-05T21:06:22","slug":"intakterna-okade-46-i-4-kv","status":"publish","type":"post","link":"https:\/\/www.europesays.com\/se\/126810\/","title":{"rendered":"INT\u00c4KTERNA \u00d6KADE 46% I 4 KV"},"content":{"rendered":"<p class=\"font-sans text-base text-text-main dark:text-text-main-dark font-normal leading-[1.4]\">STOCKHOLM (Nyhetsbyr\u00e5n Direkt) Zinzino, som s\u00e4ljer kosttillskott, har offentliggjort totala int\u00e4kter f\u00f6r fj\u00e4rde kvartalet som som \u00f6kade med 46 procent j\u00e4mf\u00f6rt med motsvarande kvartal \u00e5ret f\u00f6re.<\/p>\n<p class=\"font-sans text-base text-text-main dark:text-text-main-dark font-normal leading-[1.4]\">Det framg\u00e5r av ett pressmeddelande.<\/p>\n<p class=\"font-sans text-base text-text-main dark:text-text-main-dark font-normal leading-[1.4]\">Int\u00e4kterna f\u00f6r Zinzinos f\u00f6rs\u00e4ljningsmarknader i december 2025 \u00f6kade med 35 procent och uppgick till 334 miljoner kronor (247). Sammanlagt \u00f6kade koncernen int\u00e4kterna med 33 procent till 337 miljoner kronor (253) j\u00e4mf\u00f6rt med f\u00f6reg\u00e5ende \u00e5r.<\/p>\n<p class=\"font-sans text-base text-text-main dark:text-text-main-dark font-normal leading-[1.4]\">Koncernens ackumulerade f\u00f6rs\u00e4ljning januari\u2013december 2025 \u00f6kade med 51 procent till 3.345 miljoner kronor (2.208).<\/p>\n<p class=\"font-sans text-base text-text-main dark:text-text-main-dark font-normal leading-[1.4]\">B\u00f6rsredaktionen Nyhetsbyr\u00e5n Direkt<\/p>\n<p class=\"font-sans text-base text-text-main dark:text-text-main-dark font-normal leading-[1.4]\">+46 8 5191 7911<\/p>\n<p class=\"font-sans text-base text-text-main dark:text-text-main-dark font-normal leading-[1.4]\">borsdesken.direkt@direkt.se<\/p>\n","protected":false},"excerpt":{"rendered":"STOCKHOLM (Nyhetsbyr\u00e5n Direkt) Zinzino, som s\u00e4ljer kosttillskott, har offentliggjort totala int\u00e4kter f\u00f6r fj\u00e4rde kvartalet som som \u00f6kade med&hellip;\n","protected":false},"author":2,"featured_media":119816,"comment_status":"","ping_status":"","sticky":false,"template":"","format":"standard","meta":{"footnotes":""},"categories":[65],"tags":[72,70,71,34,31,33,32,30],"class_list":{"0":"post-126810","1":"post","2":"type-post","3":"status-publish","4":"format-standard","5":"has-post-thumbnail","7":"category-ekonomi","8":"tag-business","9":"tag-economy","10":"tag-ekonomi","11":"tag-se","12":"tag-svenska","13":"tag-sverige","14":"tag-sweden","15":"tag-swedish"},"share_on_mastodon":{"url":"https:\/\/pubeurope.com\/@se\/115844532288341417","error":""},"_links":{"self":[{"href":"https:\/\/www.europesays.com\/se\/wp-json\/wp\/v2\/posts\/126810","targetHints":{"allow":["GET"]}}],"collection":[{"href":"https:\/\/www.europesays.com\/se\/wp-json\/wp\/v2\/posts"}],"about":[{"href":"https:\/\/www.europesays.com\/se\/wp-json\/wp\/v2\/types\/post"}],"author":[{"embeddable":true,"href":"https:\/\/www.europesays.com\/se\/wp-json\/wp\/v2\/users\/2"}],"replies":[{"embeddable":true,"href":"https:\/\/www.europesays.com\/se\/wp-json\/wp\/v2\/comments?post=126810"}],"version-history":[{"count":0,"href":"https:\/\/www.europesays.com\/se\/wp-json\/wp\/v2\/posts\/126810\/revisions"}],"wp:featuredmedia":[{"embeddable":true,"href":"https:\/\/www.europesays.com\/se\/wp-json\/wp\/v2\/media\/119816"}],"wp:attachment":[{"href":"https:\/\/www.europesays.com\/se\/wp-json\/wp\/v2\/media?parent=126810"}],"wp:term":[{"taxonomy":"category","embeddable":true,"href":"https:\/\/www.europesays.com\/se\/wp-json\/wp\/v2\/categories?post=126810"},{"taxonomy":"post_tag","embeddable":true,"href":"https:\/\/www.europesays.com\/se\/wp-json\/wp\/v2\/tags?post=126810"}],"curies":[{"name":"wp","href":"https:\/\/api.w.org\/{rel}","templated":true}]}}