{"id":126834,"date":"2026-01-05T21:48:08","date_gmt":"2026-01-05T21:48:08","guid":{"rendered":"https:\/\/www.europesays.com\/se\/126834\/"},"modified":"2026-01-05T21:48:08","modified_gmt":"2026-01-05T21:48:08","slug":"influecers-och-onlyfans-sa-far-de-visum-till-usa","status":"publish","type":"post","link":"https:\/\/www.europesays.com\/se\/126834\/","title":{"rendered":"Influecers och Onlyfans \u2013\u00a0s\u00e5 f\u00e5r de visum till USA"},"content":{"rendered":"<p>\u2013\u00a0Jag vet att dagarna d\u00e5 jag representerade ikoniska namn som Boy George och Sin\u00e9ad O\u2019Connor \u00e4r \u00f6ver, konstaterar immigrationsadvokaten Michael Wildes.<\/p>\n<p>I en intervju med <a href=\"https:\/\/www.ft.com\/content\/8816fcec-4148-4cda-be7f-fc59d5bcbf59?accessToken=zwAGR6ViJQCAkdOIFvzsQUhM2tO-f_xZ1by_WQ.MEUCIHZoUI8A5Ig3pa3E5FpXBg6COC-RfH3QvQX0hr2UyxP0AiEArfp_-c4AtR93QRVPzxeHUUHVW3ihFCgO2L4JS5GVNFA&amp;sharetype=gift&amp;token=d74beee3-a676-412f-bd28-3b18699cd076#comments-anchor\" target=\"_blank\" rel=\"noopener noreferrer nofollow\">Financial Times<\/a> ber\u00e4ttar han hur hans pappa, Leon Wildes, 1972 hj\u00e4lpte John Lennon n\u00e4r Nixonadministrationen drev ett utvisnings\u00e4rende mot honom. Vid den tidpunkten fanns inget s\u00e4rskilt visum f\u00f6r artister, men Leon Wildes argumenterade f\u00f6r att den tidigare Beatlen borde f\u00e5 stanna med motiveringen att han var en \u201dframst\u00e5ende person inom konsten eller vetenskaperna\u201d. Detta banade senare v\u00e4g f\u00f6r O-1B-visumet, som fick plats i immigrationslagen 1990.<\/p>\n","protected":false},"excerpt":{"rendered":"\u2013\u00a0Jag vet att dagarna d\u00e5 jag representerade ikoniska namn som Boy George och Sin\u00e9ad O\u2019Connor \u00e4r \u00f6ver, konstaterar&hellip;\n","protected":false},"author":2,"featured_media":126835,"comment_status":"","ping_status":"","sticky":false,"template":"","format":"standard","meta":{"footnotes":""},"categories":[12],"tags":[22,23,26,27,17,21,24,25,28,29,15,16,18,34,31,33,32,30,19,20],"class_list":{"0":"post-126834","1":"post","2":"type-post","3":"status-publish","4":"format-standard","5":"has-post-thumbnail","7":"category-sverige","8":"tag-breaking-news","9":"tag-breakingnews","10":"tag-featured-news","11":"tag-featurednews","12":"tag-headlines","13":"tag-huvudnyheter","14":"tag-latest-news","15":"tag-latestnews","16":"tag-main-news","17":"tag-mainnews","18":"tag-news","19":"tag-nyheter","20":"tag-rubriker","21":"tag-se","22":"tag-svenska","23":"tag-sverige","24":"tag-sweden","25":"tag-swedish","26":"tag-top-stories","27":"tag-topstories"},"share_on_mastodon":{"url":"https:\/\/pubeurope.com\/@se\/115844697583497905","error":""},"_links":{"self":[{"href":"https:\/\/www.europesays.com\/se\/wp-json\/wp\/v2\/posts\/126834","targetHints":{"allow":["GET"]}}],"collection":[{"href":"https:\/\/www.europesays.com\/se\/wp-json\/wp\/v2\/posts"}],"about":[{"href":"https:\/\/www.europesays.com\/se\/wp-json\/wp\/v2\/types\/post"}],"author":[{"embeddable":true,"href":"https:\/\/www.europesays.com\/se\/wp-json\/wp\/v2\/users\/2"}],"replies":[{"embeddable":true,"href":"https:\/\/www.europesays.com\/se\/wp-json\/wp\/v2\/comments?post=126834"}],"version-history":[{"count":0,"href":"https:\/\/www.europesays.com\/se\/wp-json\/wp\/v2\/posts\/126834\/revisions"}],"wp:featuredmedia":[{"embeddable":true,"href":"https:\/\/www.europesays.com\/se\/wp-json\/wp\/v2\/media\/126835"}],"wp:attachment":[{"href":"https:\/\/www.europesays.com\/se\/wp-json\/wp\/v2\/media?parent=126834"}],"wp:term":[{"taxonomy":"category","embeddable":true,"href":"https:\/\/www.europesays.com\/se\/wp-json\/wp\/v2\/categories?post=126834"},{"taxonomy":"post_tag","embeddable":true,"href":"https:\/\/www.europesays.com\/se\/wp-json\/wp\/v2\/tags?post=126834"}],"curies":[{"name":"wp","href":"https:\/\/api.w.org\/{rel}","templated":true}]}}