{"id":126836,"date":"2026-01-05T21:49:41","date_gmt":"2026-01-05T21:49:41","guid":{"rendered":"https:\/\/www.europesays.com\/se\/126836\/"},"modified":"2026-01-05T21:49:41","modified_gmt":"2026-01-05T21:49:41","slug":"landerna-trump-har-varnat-efter-attacken-mot-venezuela","status":"publish","type":"post","link":"https:\/\/www.europesays.com\/se\/126836\/","title":{"rendered":"L\u00e4nderna Trump har varnat efter attacken mot Venezuela"},"content":{"rendered":"<p>Efter attacken mot Venezuela har Donald Trump svingat mot flera andra l\u00e4nder.<\/p>\n<p>Bland annat Colombia.<\/p>\n<p>D\u00e4r sl\u00e5r president Gustavo Petro tillbaka och skriver p\u00e5 X:<\/p>\n<p>\u201dF\u00f6r mitt lands skull kan jag ta till vapen igen\u201d.<\/p>\n<p>Trumps nya hot om Gr\u00f6nland.<img loading=\"lazy\"   alt=\"\"\/><\/p>\n<p>Donald Trump har varnat flera l\u00e4nder efter attacken mot Venezuela.<\/p>\n<p>Foto: ALEX BRANDON \/ AP TT NYHETSBYR\u00c5N<\/p>\n<p>\u00d6ppna bild i helsk\u00e4rm<img loading=\"lazy\"   alt=\"\"\/><\/p>\n<p>Trump har varit tydlig med att USA \u201dbeh\u00f6ver\u201d Gr\u00f6nland ur \u201dnationell s\u00e4kerhetssynpunkt\u201d.<\/p>\n<p>Foto: Danita Delimont \/ Shutterstock<\/p>\n<p>\u00d6ppna bild i helsk\u00e4rm<\/p>\n<p>Det var i l\u00f6rdags som USA slog till mot <a href=\"https:\/\/www.expressen.se\/tagg\/location\/venezuela\/\" class=\"\" rel=\"nofollow noopener\" target=\"_blank\">Venezuela<\/a>, och tillf\u00e5ngatog landets president Nicol\u00e1s Maduro som nu st\u00e4lls inf\u00f6r r\u00e4tta f\u00f6r inblandning i \u201dnarkotikaterrorism\u201d i USA.<\/p>\n<p>Efter det har varningarna fr\u00e5n den amerikanska presidenten Donald Trump och hans administration till andra l\u00e4nder duggat t\u00e4tt. Bland de varnade l\u00e4nderna finns Colombia, Kuba, Mexiko, Iran samt Gr\u00f6nland, som \u00e4r en sj\u00e4lvstyrande del av Danmark, rapporterar <a href=\"https:\/\/edition.cnn.com\/2026\/01\/05\/world\/greenland-cuba-iran-trump-warning-intl\" rel=\"nofollow noopener\" target=\"_blank\">CNN<\/a>.<\/p>\n<p>Trump om Gr\u00f6nland<\/p>\n<p>Det sistn\u00e4mnda menar Trump att USA \u201dbeh\u00f6ver\u201d ur \u201dnationell s\u00e4kerhetssynpunkt\u201d.<\/p>\n<p>\u2013 Gr\u00f6nland \u00e4r t\u00e4ckt av ryska och kinesiska skepp, sa presidenten till reportrar under s\u00f6ndagen, enligt CNN.<\/p>\n<p>Det \u00e4r en retorik som Gr\u00f6nlands premi\u00e4rminister Jens Frederik Nielsen kallar f\u00f6r \u201doacceptabel\u201d och \u201drespektl\u00f6s\u201d.<\/p>\n<p>\u2013 Vi \u00e4r inte ett objekt i en stormaktsretorik. Vi \u00e4r ett folk. Ett land. En demokrati, s\u00e4ger han.<\/p>\n<p>Colombia sl\u00e5r tillbaka<\/p>\n<p>\u00c4ven Colombia har f\u00e5tt en sl\u00e4ng av sleven. D\u00e4r anklagar Trump president Gustavo Petro f\u00f6r att vara \u201den sjuk man som gillar att g\u00f6ra kokain och s\u00e4lja till USA\u201d, och han har ocks\u00e5 sagt att det \u201dl\u00e5ter bra\u201d att genomf\u00f6ra en operation mot landet.<\/p>\n<p>Petro f\u00f6rsvarar sig med att landet bek\u00e4mpar drogsmugglingen, och skriver p\u00e5 X att man bland annat bombar bef\u00e4lhavare f\u00f6r v\u00e4pnade grupper som jobbar \u00e5t drogkartellerna. Sen skriver han att han har bett sitt folk att f\u00f6rsvara honom mot \u201dolagliga v\u00e5ldshandlingar\u201d och beordrat landets s\u00e4kerhetsstyrkor att inte skjuta mot folket \u2013 utan mot \u201dinkr\u00e4ktarna\u201d.<\/p>\n<p>\u201dJag svor att aldrig r\u00f6ra ett vapen efter fredsavtalet 1989, men f\u00f6r mitt lands skull kommer jag att ta till vapen igen\u201d, skriver den colombianska presidenten.<\/p>\n<p><img loading=\"lazy\"   alt=\"\"\/><\/p>\n<p>Colombias president Gustavo Petro.<\/p>\n<p>Foto: Ivan Valencia \/ AP TT NYHETSBYR\u00c5N<\/p>\n<p>\u00d6ppna bild i helsk\u00e4rmN\u00e4mner \u00e4ven Kuba, Iran och Mexiko<\/p>\n<p>Vad g\u00e4ller Venezuelas bundsf\u00f6rvant Kuba har Trump sagt att det \u00e4r on\u00f6digt att genomf\u00f6ra en milit\u00e4r operation eftersom landet \u00e4r \u201dredo att falla\u201d. Hans utrikesminister Marco Rubio d\u00e4remot har sagt att Kuba \u00e4r ett \u201dj\u00e4ttestort problem\u201d.<\/p>\n<p>Ang\u00e5ende Mexiko har Trump uppgett att \u201dvi kommer beh\u00f6va g\u00f6ra n\u00e5gonting\u201d f\u00f6r att stoppa narkotikan, men president Claudia Sheinbaum \u2013 som f\u00f6r \u00f6vrigt har motsatt sig tillf\u00e5ngatagandet av Maduro \u2013 anser inte att ett amerikanskt ingripande \u00e4r s\u00e4rskilt troligt.<\/p>\n<p>I en annan del av v\u00e4rlden har Trump \u00e5terigen varnat Iran. Han s\u00e4ger bland annat, enligt CNN, att om landet \u201db\u00f6rjar d\u00f6da folk som de har gjort f\u00f6rut tror jag att de kommer att drabbas v\u00e4ldigt h\u00e5rt av USA\u201d.<\/p>\n","protected":false},"excerpt":{"rendered":"Efter attacken mot Venezuela har Donald Trump svingat mot flera andra l\u00e4nder. Bland annat Colombia. D\u00e4r sl\u00e5r president&hellip;\n","protected":false},"author":2,"featured_media":126837,"comment_status":"","ping_status":"","sticky":false,"template":"","format":"standard","meta":{"footnotes":""},"categories":[5],"tags":[50,22,23,26,27,17,21,24,25,1519,2034,971,5086,1825,3819,28,29,15,13083,16,198,18,34,55,31,33,32,30,19,204,60,49,20],"class_list":{"0":"post-126836","1":"post","2":"type-post","3":"status-publish","4":"format-standard","5":"has-post-thumbnail","7":"category-rubriker","8":"tag-arme-forsvar","9":"tag-breaking-news","10":"tag-breakingnews","11":"tag-featured-news","12":"tag-featurednews","13":"tag-headlines","14":"tag-huvudnyheter","15":"tag-latest-news","16":"tag-latestnews","17":"tag-location-colombia","18":"tag-location-gronland","19":"tag-location-iran","20":"tag-location-kuba","21":"tag-location-mexiko","22":"tag-location-venezuela","23":"tag-main-news","24":"tag-mainnews","25":"tag-news","26":"tag-newsstory-konflikten-mellan-usa-och-venezuela","27":"tag-nyheter","28":"tag-person-donald-trump","29":"tag-rubriker","30":"tag-se","31":"tag-sections-varlden","32":"tag-svenska","33":"tag-sverige","34":"tag-sweden","35":"tag-swedish","36":"tag-top-stories","37":"tag-topic-amerikansk-politik","38":"tag-topic-krig-konflikt","39":"tag-topic-militar","40":"tag-topstories"},"share_on_mastodon":{"url":"","error":"Validation failed: Text character limit of 500 exceeded"},"_links":{"self":[{"href":"https:\/\/www.europesays.com\/se\/wp-json\/wp\/v2\/posts\/126836","targetHints":{"allow":["GET"]}}],"collection":[{"href":"https:\/\/www.europesays.com\/se\/wp-json\/wp\/v2\/posts"}],"about":[{"href":"https:\/\/www.europesays.com\/se\/wp-json\/wp\/v2\/types\/post"}],"author":[{"embeddable":true,"href":"https:\/\/www.europesays.com\/se\/wp-json\/wp\/v2\/users\/2"}],"replies":[{"embeddable":true,"href":"https:\/\/www.europesays.com\/se\/wp-json\/wp\/v2\/comments?post=126836"}],"version-history":[{"count":0,"href":"https:\/\/www.europesays.com\/se\/wp-json\/wp\/v2\/posts\/126836\/revisions"}],"wp:featuredmedia":[{"embeddable":true,"href":"https:\/\/www.europesays.com\/se\/wp-json\/wp\/v2\/media\/126837"}],"wp:attachment":[{"href":"https:\/\/www.europesays.com\/se\/wp-json\/wp\/v2\/media?parent=126836"}],"wp:term":[{"taxonomy":"category","embeddable":true,"href":"https:\/\/www.europesays.com\/se\/wp-json\/wp\/v2\/categories?post=126836"},{"taxonomy":"post_tag","embeddable":true,"href":"https:\/\/www.europesays.com\/se\/wp-json\/wp\/v2\/tags?post=126836"}],"curies":[{"name":"wp","href":"https:\/\/api.w.org\/{rel}","templated":true}]}}