{"id":126838,"date":"2026-01-05T21:54:28","date_gmt":"2026-01-05T21:54:28","guid":{"rendered":"https:\/\/www.europesays.com\/se\/126838\/"},"modified":"2026-01-05T21:54:28","modified_gmt":"2026-01-05T21:54:28","slug":"viktigt-styrketecken-for-svenska-nyforetagandet","status":"publish","type":"post","link":"https:\/\/www.europesays.com\/se\/126838\/","title":{"rendered":"\u201dViktigt styrketecken\u201d f\u00f6r svenska nyf\u00f6retagandet"},"content":{"rendered":"<p>Under 2025 startades drygt 61\u202f000 nya bolag, motsvarande en tillv\u00e4xt p\u00e5 6 procent j\u00e4mf\u00f6rt med \u00e5ret dessf\u00f6rinnan. Det inneb\u00e4r att den negativa trenden kring nyf\u00f6retagande i Sverige br\u00f6ts, rapporterar Finwire med h\u00e4nvisning till statistik fr\u00e5n Spiris.<\/p>\n<p>\u2013 Efter flera \u00e5r av dystra siffror ser vi nu ett v\u00e4lkommet trendbrott f\u00f6r nyf\u00f6retagandet. Det \u00e4r ett viktigt styrketecken, s\u00e4rskilt efter att 2024 blev det svagaste \u00e5ret sedan finanskrisen, s\u00e4ger Boo Gunnarson, f\u00f6retagarexpert p\u00e5 Spiris.<\/p>\n<p>Bland l\u00e4nen visade Gotland p\u00e5 den h\u00f6gsta tillv\u00e4xten med en \u00f6kning p\u00e5 18 procent. I Stockholm och V\u00e4stra G\u00f6taland var tillv\u00e4xten 7 respektive 4 procent. <\/p>\n<p>De enda regionerna med negativa siffror var \u00d6sterg\u00f6tland och Blekinge d\u00e4r f\u00f6retagandet minskade 3 respektive 1 procent.<\/p>\n<p>Omni \u00e4r politiskt obundna och oberoende. Vi str\u00e4var efter att ge fler perspektiv p\u00e5 nyheterna. Har du fr\u00e5gor eller synpunkter kring v\u00e5r rapportering? <a href=\"https:\/\/omni.se\/trendbrott-for-nyforetagande-viktigt-styrketecken\/a\/mailto:redaktion@omni.se\" class=\"ArticleActions_contactLink__W2F1M\" rel=\"nofollow noopener\" target=\"_blank\">Kontakta redaktionen<\/a><\/p>\n","protected":false},"excerpt":{"rendered":"Under 2025 startades drygt 61\u202f000 nya bolag, motsvarande en tillv\u00e4xt p\u00e5 6 procent j\u00e4mf\u00f6rt med \u00e5ret dessf\u00f6rinnan. Det&hellip;\n","protected":false},"author":2,"featured_media":126839,"comment_status":"","ping_status":"","sticky":false,"template":"","format":"standard","meta":{"footnotes":""},"categories":[65],"tags":[72,70,71,3136,34,31,33,32,30],"class_list":{"0":"post-126838","1":"post","2":"type-post","3":"status-publish","4":"format-standard","5":"has-post-thumbnail","7":"category-ekonomi","8":"tag-business","9":"tag-economy","10":"tag-ekonomi","11":"tag-jobb-karriar","12":"tag-se","13":"tag-svenska","14":"tag-sverige","15":"tag-sweden","16":"tag-swedish"},"share_on_mastodon":{"url":"https:\/\/pubeurope.com\/@se\/115844721052764737","error":""},"_links":{"self":[{"href":"https:\/\/www.europesays.com\/se\/wp-json\/wp\/v2\/posts\/126838","targetHints":{"allow":["GET"]}}],"collection":[{"href":"https:\/\/www.europesays.com\/se\/wp-json\/wp\/v2\/posts"}],"about":[{"href":"https:\/\/www.europesays.com\/se\/wp-json\/wp\/v2\/types\/post"}],"author":[{"embeddable":true,"href":"https:\/\/www.europesays.com\/se\/wp-json\/wp\/v2\/users\/2"}],"replies":[{"embeddable":true,"href":"https:\/\/www.europesays.com\/se\/wp-json\/wp\/v2\/comments?post=126838"}],"version-history":[{"count":0,"href":"https:\/\/www.europesays.com\/se\/wp-json\/wp\/v2\/posts\/126838\/revisions"}],"wp:featuredmedia":[{"embeddable":true,"href":"https:\/\/www.europesays.com\/se\/wp-json\/wp\/v2\/media\/126839"}],"wp:attachment":[{"href":"https:\/\/www.europesays.com\/se\/wp-json\/wp\/v2\/media?parent=126838"}],"wp:term":[{"taxonomy":"category","embeddable":true,"href":"https:\/\/www.europesays.com\/se\/wp-json\/wp\/v2\/categories?post=126838"},{"taxonomy":"post_tag","embeddable":true,"href":"https:\/\/www.europesays.com\/se\/wp-json\/wp\/v2\/tags?post=126838"}],"curies":[{"name":"wp","href":"https:\/\/api.w.org\/{rel}","templated":true}]}}