{"id":126842,"date":"2026-01-05T22:00:30","date_gmt":"2026-01-05T22:00:30","guid":{"rendered":"https:\/\/www.europesays.com\/se\/126842\/"},"modified":"2026-01-05T22:00:30","modified_gmt":"2026-01-05T22:00:30","slug":"one-battle-after-another-stora-vinnaren-pa-gala","status":"publish","type":"post","link":"https:\/\/www.europesays.com\/se\/126842\/","title":{"rendered":"\u201dOne battle after another\u201d stora vinnaren p\u00e5 gala"},"content":{"rendered":"<p>Paul Thomas Anderson blev den stora vinnaren n\u00e4r galan Critics Choice Awards gick av stapeln i\u202fnatt. Galan brukar ses som en viktig indikator f\u00f6r galas\u00e4songens stora h\u00f6jdpunkt: Oscarsgalan.<\/p>\n<p>Andersons film \u201dOne battle after another\u201d uts\u00e5gs till b\u00e4sta film och han sj\u00e4lv fick pris f\u00f6r b\u00e4sta regi.<\/p>\n<p>Timoth\u00e9e Chalamet kammade hem b\u00e4sta manliga huvudroll f\u00f6r insatsen i \u201dMarty Supreme\u201d och \u201dHamnet\u201d-sk\u00e5despelaren Jessie Buckley fick pris f\u00f6r b\u00e4sta kvinnliga huvudroll.<\/p>\n<p>Svenske Ludwig G\u00f6ransson prisades f\u00f6r soundtracket till \u201dSinners\u201d medan de tv\u00e5 \u00f6vriga nominerade svenskarna, Stellan och Alexander Skarsg\u00e5rd, blev utan pris.<\/p>\n<p>Omni \u00e4r politiskt obundna och oberoende. Vi str\u00e4var efter att ge fler perspektiv p\u00e5 nyheterna. Har du fr\u00e5gor eller synpunkter kring v\u00e5r rapportering? <a href=\"https:\/\/omni.se\/one-battle-after-another-stora-vinnaren-pa-gala\/a\/mailto:redaktion@omni.se\" class=\"ArticleActions_contactLink__W2F1M\" rel=\"nofollow noopener\" target=\"_blank\">Kontakta redaktionen<\/a><\/p>\n","protected":false},"excerpt":{"rendered":"Paul Thomas Anderson blev den stora vinnaren n\u00e4r galan Critics Choice Awards gick av stapeln i\u202fnatt. Galan brukar&hellip;\n","protected":false},"author":2,"featured_media":126843,"comment_status":"","ping_status":"","sticky":false,"template":"","format":"standard","meta":{"footnotes":""},"categories":[67],"tags":[13168,13169,104,168,6671,1005,34,31,33,32,30,12322,105],"class_list":{"0":"post-126842","1":"post","2":"type-post","3":"status-publish","4":"format-standard","5":"has-post-thumbnail","7":"category-underhallning","8":"tag-alexander-skarsgard","9":"tag-critics-choice-awards","10":"tag-entertainment","11":"tag-film-tv","12":"tag-ludwig-goransson","13":"tag-paul-thomas-anderson","14":"tag-se","15":"tag-svenska","16":"tag-sverige","17":"tag-sweden","18":"tag-swedish","19":"tag-timothee-chalamet","20":"tag-underhallning"},"share_on_mastodon":{"url":"https:\/\/pubeurope.com\/@se\/115844744647858879","error":""},"_links":{"self":[{"href":"https:\/\/www.europesays.com\/se\/wp-json\/wp\/v2\/posts\/126842","targetHints":{"allow":["GET"]}}],"collection":[{"href":"https:\/\/www.europesays.com\/se\/wp-json\/wp\/v2\/posts"}],"about":[{"href":"https:\/\/www.europesays.com\/se\/wp-json\/wp\/v2\/types\/post"}],"author":[{"embeddable":true,"href":"https:\/\/www.europesays.com\/se\/wp-json\/wp\/v2\/users\/2"}],"replies":[{"embeddable":true,"href":"https:\/\/www.europesays.com\/se\/wp-json\/wp\/v2\/comments?post=126842"}],"version-history":[{"count":0,"href":"https:\/\/www.europesays.com\/se\/wp-json\/wp\/v2\/posts\/126842\/revisions"}],"wp:featuredmedia":[{"embeddable":true,"href":"https:\/\/www.europesays.com\/se\/wp-json\/wp\/v2\/media\/126843"}],"wp:attachment":[{"href":"https:\/\/www.europesays.com\/se\/wp-json\/wp\/v2\/media?parent=126842"}],"wp:term":[{"taxonomy":"category","embeddable":true,"href":"https:\/\/www.europesays.com\/se\/wp-json\/wp\/v2\/categories?post=126842"},{"taxonomy":"post_tag","embeddable":true,"href":"https:\/\/www.europesays.com\/se\/wp-json\/wp\/v2\/tags?post=126842"}],"curies":[{"name":"wp","href":"https:\/\/api.w.org\/{rel}","templated":true}]}}