{"id":126846,"date":"2026-01-05T22:12:07","date_gmt":"2026-01-05T22:12:07","guid":{"rendered":"https:\/\/www.europesays.com\/se\/126846\/"},"modified":"2026-01-05T22:12:07","modified_gmt":"2026-01-05T22:12:07","slug":"man-fick-kemikalier-over-sig-i-arbetsplatsolycka-fordes-till-sjukhus-nwt","status":"publish","type":"post","link":"https:\/\/www.europesays.com\/se\/126846\/","title":{"rendered":"Man fick kemikalier \u00f6ver sig i arbetsplatsolycka \u2013 f\u00f6rdes till sjukhus &#8211; NWT"},"content":{"rendered":"<ol>\n<li><a href=\"https:\/\/news.google.com\/rss\/articles\/CBMiqAFBVV95cUxQTDZKV3ZObXJNZUVlb1BrdEV5TDZmUTNCLWY5RlotYnVfTUd6WWlBYmhtWHl2bFdrVWJ4aUpGMGFFNk1UNGRfWk5GV0dMMWJ2aVlQdEdRM2pIb1Y1VFFYLVNxdVhzbVRoOVd5NTJtZDZSVUVGNFlfcl91MGFjMnh3M0h4bXJvRmVMVm1Hc0ZBT0NvSWhDSnFLbmhMbWxXYWFUOHhEM3pGQkY?oc=5\" target=\"_blank\" rel=\"nofollow noopener\">Man fick kemikalier \u00f6ver sig i arbetsplatsolycka \u2013 f\u00f6rdes till sjukhus<\/a>&nbsp;&nbsp;NWT<\/li>\n<li><a href=\"https:\/\/news.google.com\/rss\/articles\/CBMikAFBVV95cUxNZm5qcFM4OG1qcjRlTkl6cy1YTkt0amI3SmE5RFdlcXIzd3FjeVg5OEs4SHdnejFScjRsc1dtTlZqS1JaWXJSTG1kRXJ0aGF2SGF4alFQLTROYlBzVE1qSXNEQ1FwU1J1ZDI1anZSVWRjQVdaejhoVmRteWdpM1k5a2tEY2kyX3J6SVJpeFNMc3Y?oc=5\" target=\"_blank\" rel=\"nofollow noopener\">JUST NU: Man har f\u00e5tt kemikalier \u00f6ver sig \u2013 f\u00f6rd till sjukhus<\/a>&nbsp;&nbsp;NWT<\/li>\n<li><a href=\"https:\/\/news.google.com\/rss\/articles\/CBMiigFBVV95cUxNa1BwVm83NUNDVkdvcEZUY0FpUTlCUmxXekVYVTd3LU1Ca25sOU9HNjVMVjNZWnJWakZWYkh2NVZ2bzBnaFV4M1IzTVNPU1ZWVUd6NVotaUZEQmVwWDIySGx0eDhfXzJXS0JjaWxDV0M3OFNCTEdWYXlXYl9CZGlENk5xWTN3UFo1V0E?oc=5\" target=\"_blank\" rel=\"nofollow noopener\">Misst\u00e4nkt arbetsplatsolycka med kemikalier \u2013 man till sjukhus<\/a>&nbsp;&nbsp;Aftonbladet<\/li>\n<li><a href=\"https:\/\/news.google.com\/rss\/articles\/CBMi7wFBVV95cUxPRDhJaDR6UHlvbGpLTE5fTXlVS1VxdzhVdVFLZFBFOE4yS3A5aFBfdS15Ymg2cFdsUFhVMFdWcEJGbmtQX0xVcFpER09EdXRKVHQzdmtUd2dpUjlKLW14R2h2VGdkRTZRYnpzOGgzcFJqaDk1R0VIUEFpV1FTSUNGRlBYSW5JdkxLNndpTmlwR3dVaHlEUVB5WHBjbldWLWl5NGw1NzAwWWRIdVZoa1R6SEJXYk1OTkMyczUxWTdkLTlWaElUME1kYm9CU3VlNUFSMk14REUxYmdFLUg2cmpuTE80Uk50U2JjbmVDQ2pZNA?oc=5\" target=\"_blank\" rel=\"nofollow noopener\">En man i fyrtiofem\u00e5rs\u00e5ldern har f\u00f6rts till sjukhus efter en arbetsplatsolycka.<\/a>&nbsp;&nbsp;Brottsplatskartan.se<\/li>\n<\/ol>\n","protected":false},"excerpt":{"rendered":"Man fick kemikalier \u00f6ver sig i arbetsplatsolycka \u2013 f\u00f6rdes till sjukhus&nbsp;&nbsp;NWT JUST NU: Man har f\u00e5tt kemikalier \u00f6ver&hellip;\n","protected":false},"author":2,"featured_media":126847,"comment_status":"","ping_status":"","sticky":false,"template":"","format":"standard","meta":{"footnotes":""},"categories":[14],"tags":[22,23,26,27,17,21,24,25,28,29,15,16,18,34,31,33,32,30,19,20,51,52,53,54],"class_list":{"0":"post-126846","1":"post","2":"type-post","3":"status-publish","4":"format-standard","5":"has-post-thumbnail","7":"category-varlden","8":"tag-breaking-news","9":"tag-breakingnews","10":"tag-featured-news","11":"tag-featurednews","12":"tag-headlines","13":"tag-huvudnyheter","14":"tag-latest-news","15":"tag-latestnews","16":"tag-main-news","17":"tag-mainnews","18":"tag-news","19":"tag-nyheter","20":"tag-rubriker","21":"tag-se","22":"tag-svenska","23":"tag-sverige","24":"tag-sweden","25":"tag-swedish","26":"tag-top-stories","27":"tag-topstories","28":"tag-varlden","29":"tag-world","30":"tag-world-news","31":"tag-worldnews"},"share_on_mastodon":{"url":"https:\/\/pubeurope.com\/@se\/115844791831749666","error":""},"_links":{"self":[{"href":"https:\/\/www.europesays.com\/se\/wp-json\/wp\/v2\/posts\/126846","targetHints":{"allow":["GET"]}}],"collection":[{"href":"https:\/\/www.europesays.com\/se\/wp-json\/wp\/v2\/posts"}],"about":[{"href":"https:\/\/www.europesays.com\/se\/wp-json\/wp\/v2\/types\/post"}],"author":[{"embeddable":true,"href":"https:\/\/www.europesays.com\/se\/wp-json\/wp\/v2\/users\/2"}],"replies":[{"embeddable":true,"href":"https:\/\/www.europesays.com\/se\/wp-json\/wp\/v2\/comments?post=126846"}],"version-history":[{"count":0,"href":"https:\/\/www.europesays.com\/se\/wp-json\/wp\/v2\/posts\/126846\/revisions"}],"wp:featuredmedia":[{"embeddable":true,"href":"https:\/\/www.europesays.com\/se\/wp-json\/wp\/v2\/media\/126847"}],"wp:attachment":[{"href":"https:\/\/www.europesays.com\/se\/wp-json\/wp\/v2\/media?parent=126846"}],"wp:term":[{"taxonomy":"category","embeddable":true,"href":"https:\/\/www.europesays.com\/se\/wp-json\/wp\/v2\/categories?post=126846"},{"taxonomy":"post_tag","embeddable":true,"href":"https:\/\/www.europesays.com\/se\/wp-json\/wp\/v2\/tags?post=126846"}],"curies":[{"name":"wp","href":"https:\/\/api.w.org\/{rel}","templated":true}]}}