{"id":126848,"date":"2026-01-05T22:14:22","date_gmt":"2026-01-05T22:14:22","guid":{"rendered":"https:\/\/www.europesays.com\/se\/126848\/"},"modified":"2026-01-05T22:14:22","modified_gmt":"2026-01-05T22:14:22","slug":"vansterextrem-grupp-tar-pa-sig-elavbrott-i-berlin-3","status":"publish","type":"post","link":"https:\/\/www.europesays.com\/se\/126848\/","title":{"rendered":"V\u00e4nsterextrem grupp tar p\u00e5 sig elavbrott i Berlin"},"content":{"rendered":"<p>Den v\u00e4nsterextrema s\u00e5 kallade Vulkangruppe har i ett brev tagit p\u00e5 sig brandattentatet n\u00e4ra ett kraftverk i stadsdelen Berlin-Lichterfelde i l\u00f6rdags, rapporterar public service-kanalen<a id=\"DWc6xRF1SIgPWuWo\" href=\"https:\/\/www.rbb24.de\/panorama\/beitrag\/2026\/01\/berlin-suedwesten-stromausfall-vulkangruppe-bekennerschreiben-brandanschlag.html\" rel=\"nofollow noopener\" target=\"_blank\"> RBB<\/a>. <\/p>\n<p>M\u00e5let med aktionen uppges inte vara sj\u00e4lva str\u00f6mavbrottet utan den fossila br\u00e4nsleindustrin. Polisen betraktar brevet som autentiskt<\/p>\n<p>Gruppen har tagit p\u00e5 sig liknande attentat tidigare, bland 2021 d\u00e5 en elkabel som f\u00f6rs\u00e5g bygget av en Teslafabrik med str\u00f6m skadades.<\/p>\n<p>Omkring 45\u00a0000 hush\u00e5ll i sydv\u00e4stra Berlin blev str\u00f6ml\u00f6sa p\u00e5 grund av avbrottet i l\u00f6rdags. Skadorna \u00e4r omfattande och omkring 35\u00a0000 hush\u00e5ll ber\u00e4knas inte f\u00e5 tillbaka elen f\u00f6rr\u00e4n p\u00e5 torsdag, uppger n\u00e4toperat\u00f6ren Stromnetz. M\u00e5nga saknar ocks\u00e5 v\u00e4rme eftersom det lokala v\u00e4rmesystemet p\u00e5verkas av avbrottet.<\/p>\n","protected":false},"excerpt":{"rendered":"Den v\u00e4nsterextrema s\u00e5 kallade Vulkangruppe har i ett brev tagit p\u00e5 sig brandattentatet n\u00e4ra ett kraftverk i stadsdelen&hellip;\n","protected":false},"author":2,"featured_media":126849,"comment_status":"","ping_status":"","sticky":false,"template":"","format":"standard","meta":{"footnotes":""},"categories":[5],"tags":[22,23,26,27,17,21,24,25,28,29,15,16,18,34,31,33,32,30,19,20],"class_list":{"0":"post-126848","1":"post","2":"type-post","3":"status-publish","4":"format-standard","5":"has-post-thumbnail","7":"category-rubriker","8":"tag-breaking-news","9":"tag-breakingnews","10":"tag-featured-news","11":"tag-featurednews","12":"tag-headlines","13":"tag-huvudnyheter","14":"tag-latest-news","15":"tag-latestnews","16":"tag-main-news","17":"tag-mainnews","18":"tag-news","19":"tag-nyheter","20":"tag-rubriker","21":"tag-se","22":"tag-svenska","23":"tag-sverige","24":"tag-sweden","25":"tag-swedish","26":"tag-top-stories","27":"tag-topstories"},"share_on_mastodon":{"url":"https:\/\/pubeurope.com\/@se\/115844799741478595","error":""},"_links":{"self":[{"href":"https:\/\/www.europesays.com\/se\/wp-json\/wp\/v2\/posts\/126848","targetHints":{"allow":["GET"]}}],"collection":[{"href":"https:\/\/www.europesays.com\/se\/wp-json\/wp\/v2\/posts"}],"about":[{"href":"https:\/\/www.europesays.com\/se\/wp-json\/wp\/v2\/types\/post"}],"author":[{"embeddable":true,"href":"https:\/\/www.europesays.com\/se\/wp-json\/wp\/v2\/users\/2"}],"replies":[{"embeddable":true,"href":"https:\/\/www.europesays.com\/se\/wp-json\/wp\/v2\/comments?post=126848"}],"version-history":[{"count":0,"href":"https:\/\/www.europesays.com\/se\/wp-json\/wp\/v2\/posts\/126848\/revisions"}],"wp:featuredmedia":[{"embeddable":true,"href":"https:\/\/www.europesays.com\/se\/wp-json\/wp\/v2\/media\/126849"}],"wp:attachment":[{"href":"https:\/\/www.europesays.com\/se\/wp-json\/wp\/v2\/media?parent=126848"}],"wp:term":[{"taxonomy":"category","embeddable":true,"href":"https:\/\/www.europesays.com\/se\/wp-json\/wp\/v2\/categories?post=126848"},{"taxonomy":"post_tag","embeddable":true,"href":"https:\/\/www.europesays.com\/se\/wp-json\/wp\/v2\/tags?post=126848"}],"curies":[{"name":"wp","href":"https:\/\/api.w.org\/{rel}","templated":true}]}}