{"id":126857,"date":"2026-01-05T22:47:09","date_gmt":"2026-01-05T22:47:09","guid":{"rendered":"https:\/\/www.europesays.com\/se\/126857\/"},"modified":"2026-01-05T22:47:09","modified_gmt":"2026-01-05T22:47:09","slug":"gul-vadervarning-6-7-januari-soderhamns-kommun","status":"publish","type":"post","link":"https:\/\/www.europesays.com\/se\/126857\/","title":{"rendered":"Gul v\u00e4dervarning 6-7 januari &#8211; S\u00f6derhamns kommun"},"content":{"rendered":"<p class=\"font-normal\">Kundtj\u00e4nst svarar p\u00e5 samtal till 0270 &#8211; 750 00.<br \/>Vi tar emot bes\u00f6k p\u00e5 Kungsgatan 6.<\/p>\n<p class=\"font-normal\">Hos kundtj\u00e4nst finns en dator som du kan anv\u00e4nda f\u00f6r att g\u00f6ra korta \u00e4renden: s\u00f6ka information, fylla i kommunens formul\u00e4r, anv\u00e4nda v\u00e5ra e-tj\u00e4nster och l\u00e4mna eller r\u00f6sta p\u00e5 e-f\u00f6rslag.<\/p>\n<p class=\"font-normal\">Om du har en funktionsneds\u00e4ttning eller \u00e4r i behov av st\u00f6d eller hj\u00e4lp i telefonsamtal kan du ringa till oss med hj\u00e4lp <a href=\"https:\/\/www.soderhamn.se\/sidor\/kommun-och-politik\/kundtjanst-kontakt\/samtalsformedlande-tjanster.html\" rel=\"nofollow noopener\" target=\"_blank\">samtalsf\u00f6rmedlande tj\u00e4nster.<\/a><\/p>\n<p class=\"font-normal\">N\u00e4r Kundtj\u00e4nst har \u00f6ppet kan du \u00e4ven anv\u00e4nda chatten f\u00f6r att st\u00e4lla fr\u00e5gor.<\/p>\n","protected":false},"excerpt":{"rendered":"Kundtj\u00e4nst svarar p\u00e5 samtal till 0270 &#8211; 750 00.Vi tar emot bes\u00f6k p\u00e5 Kungsgatan 6. Hos kundtj\u00e4nst finns&hellip;\n","protected":false},"author":2,"featured_media":123690,"comment_status":"","ping_status":"","sticky":false,"template":"","format":"standard","meta":{"footnotes":""},"categories":[5],"tags":[22,23,26,27,17,21,24,25,28,29,15,16,18,34,31,33,32,30,19,20],"class_list":{"0":"post-126857","1":"post","2":"type-post","3":"status-publish","4":"format-standard","5":"has-post-thumbnail","7":"category-rubriker","8":"tag-breaking-news","9":"tag-breakingnews","10":"tag-featured-news","11":"tag-featurednews","12":"tag-headlines","13":"tag-huvudnyheter","14":"tag-latest-news","15":"tag-latestnews","16":"tag-main-news","17":"tag-mainnews","18":"tag-news","19":"tag-nyheter","20":"tag-rubriker","21":"tag-se","22":"tag-svenska","23":"tag-sverige","24":"tag-sweden","25":"tag-swedish","26":"tag-top-stories","27":"tag-topstories"},"share_on_mastodon":{"url":"https:\/\/pubeurope.com\/@se\/115844929435505406","error":""},"_links":{"self":[{"href":"https:\/\/www.europesays.com\/se\/wp-json\/wp\/v2\/posts\/126857","targetHints":{"allow":["GET"]}}],"collection":[{"href":"https:\/\/www.europesays.com\/se\/wp-json\/wp\/v2\/posts"}],"about":[{"href":"https:\/\/www.europesays.com\/se\/wp-json\/wp\/v2\/types\/post"}],"author":[{"embeddable":true,"href":"https:\/\/www.europesays.com\/se\/wp-json\/wp\/v2\/users\/2"}],"replies":[{"embeddable":true,"href":"https:\/\/www.europesays.com\/se\/wp-json\/wp\/v2\/comments?post=126857"}],"version-history":[{"count":0,"href":"https:\/\/www.europesays.com\/se\/wp-json\/wp\/v2\/posts\/126857\/revisions"}],"wp:featuredmedia":[{"embeddable":true,"href":"https:\/\/www.europesays.com\/se\/wp-json\/wp\/v2\/media\/123690"}],"wp:attachment":[{"href":"https:\/\/www.europesays.com\/se\/wp-json\/wp\/v2\/media?parent=126857"}],"wp:term":[{"taxonomy":"category","embeddable":true,"href":"https:\/\/www.europesays.com\/se\/wp-json\/wp\/v2\/categories?post=126857"},{"taxonomy":"post_tag","embeddable":true,"href":"https:\/\/www.europesays.com\/se\/wp-json\/wp\/v2\/tags?post=126857"}],"curies":[{"name":"wp","href":"https:\/\/api.w.org\/{rel}","templated":true}]}}