{"id":126860,"date":"2026-01-05T22:54:14","date_gmt":"2026-01-05T22:54:14","guid":{"rendered":"https:\/\/www.europesays.com\/se\/126860\/"},"modified":"2026-01-05T22:54:14","modified_gmt":"2026-01-05T22:54:14","slug":"storre-olycka-pa-e45-ett-korfalt-blockerat-nwt","status":"publish","type":"post","link":"https:\/\/www.europesays.com\/se\/126860\/","title":{"rendered":"St\u00f6rre olycka p\u00e5 E45 \u2013 ett k\u00f6rf\u00e4lt blockerat &#8211; NWT"},"content":{"rendered":"<ol>\n<li><a href=\"https:\/\/news.google.com\/rss\/articles\/CBMihgFBVV95cUxPc19ud3pva2lMd2o1SzVrNi1BT25PX1JwUDVUMnBSWW1xWjVKMjQzTC1yMFIzYTRnMmJFQjhsakwyYzBQRnhXQmNIZ2l5QzV2NVFyei1PalZHN2JiRFJUSC1nV2V6dmNzNTRXN0NBdnBCLW1Ib0xISmNUQ1dTNFF1aHRnRVVmZw?oc=5\" target=\"_blank\" rel=\"nofollow noopener\">St\u00f6rre olycka p\u00e5 E45 \u2013 ett k\u00f6rf\u00e4lt blockerat<\/a>&nbsp;&nbsp;NWT<\/li>\n<li><a href=\"https:\/\/news.google.com\/rss\/articles\/CBMiigFBVV95cUxQUlhuRnRCaGQ3NVQtQ3RRaEl3emdJRUJ0TDl5LUw5enpJYWNaT0tXaGtYQ1Q1ZjRPRXo2YlppcnJYRTREdWpzSG5vU1k2Q3QzOHI5MUZPRUItV2pvQThRTDNnQzFoQmRzbldFRm5GUVRoRGVDYkh3eHFWQXQ3bFJqRmJROGZiaG1SNUE?oc=5\" target=\"_blank\" rel=\"nofollow noopener\">Tre bilar i krock p\u00e5 E45<\/a>&nbsp;&nbsp;Aftonbladet<\/li>\n<li><a href=\"https:\/\/news.google.com\/rss\/articles\/CBMioAFBVV95cUxOU3hBWF9BU0dLY0xsclFtVEhHbGpaVFdkU0lXbEcwclAtOHZETWw5QkdqeTM5dzQxY3BFQVpZUU53eEJ0aWFoU2hLOGZjLVlxWVQ3akVjbG9oV19GQnhUOU5BWlNjREZXaVdGemNTczNRVjl0TDVtYktyeUo5NzhNejBycE54N0tsaWItdHZqVXlwWHBkb0Q2a0NybG1oSTRp?oc=5\" target=\"_blank\" rel=\"nofollow noopener\">JUST NU: Tre bilar i krock p\u00e5 E45 \u2013 tv\u00e5 ambulanser larmade: \u201dV\u00e4gen avst\u00e4ngd\u201d<\/a>&nbsp;&nbsp;NWT<\/li>\n<li><a href=\"https:\/\/news.google.com\/rss\/articles\/CBMi2AFBVV95cUxQZG5kaHo3dDFFMVYyLWRVRzJENTlJc0FqZmhTWHN1enBfa3BKeTVXeXF1OF9QcldILXJ5aHNkQWpZdm1ucDdwY29UbjRQT0xuUnVFUkRoaWtRYWVKYXFmWTBPUXZpd0VpSmRQaXVnRXJvcHRXblJlVkZyU1A5bzYwel9RSmVqR05QMTFYZ0ZjSk03U1VGM1JKRTRGY25sZy1SYjZjdnZFdVFRNDcwUDVScFhwamdjOURJTnJwNmUxZlJRaUNjaHZNcU5LN21ZMXkybE5CTHY2UTc?oc=5\" target=\"_blank\" rel=\"nofollow noopener\">En stillast\u00e5ende personbil orsakar ett k\u00f6rf\u00e4lt blockerat p\u00e5 E45<\/a>&nbsp;&nbsp;TTELA<\/li>\n<li><a href=\"https:\/\/news.google.com\/rss\/articles\/CBMiiwFBVV95cUxPbHNaVXlwbzFROXI3SU9EaGh4WXFLcjZUeXhzM0dJaE9kb2ozTWV2YXhLcUl2NDc1SzBDVGcwRDFZSHVvLUM4YWxuOGtUMUgzVmlDaV9zS29OLVgzX25mZW8zcTl5LXJ3MkZJQk9MUXk1YVVBTjVpWGhVM1JzWEQ4Mi1uZHh1c193RVBR?oc=5\" target=\"_blank\" rel=\"nofollow noopener\">JUST NU: Stopp p\u00e5 E45 p\u00e5 grund av en olycka<\/a>&nbsp;&nbsp;Fryksdalsbygden<\/li>\n<\/ol>\n","protected":false},"excerpt":{"rendered":"St\u00f6rre olycka p\u00e5 E45 \u2013 ett k\u00f6rf\u00e4lt blockerat&nbsp;&nbsp;NWT Tre bilar i krock p\u00e5 E45&nbsp;&nbsp;Aftonbladet JUST NU: Tre bilar&hellip;\n","protected":false},"author":2,"featured_media":126861,"comment_status":"","ping_status":"","sticky":false,"template":"","format":"standard","meta":{"footnotes":""},"categories":[12],"tags":[22,23,26,27,17,21,24,25,28,29,15,16,18,34,31,33,32,30,19,20],"class_list":{"0":"post-126860","1":"post","2":"type-post","3":"status-publish","4":"format-standard","5":"has-post-thumbnail","7":"category-sverige","8":"tag-breaking-news","9":"tag-breakingnews","10":"tag-featured-news","11":"tag-featurednews","12":"tag-headlines","13":"tag-huvudnyheter","14":"tag-latest-news","15":"tag-latestnews","16":"tag-main-news","17":"tag-mainnews","18":"tag-news","19":"tag-nyheter","20":"tag-rubriker","21":"tag-se","22":"tag-svenska","23":"tag-sverige","24":"tag-sweden","25":"tag-swedish","26":"tag-top-stories","27":"tag-topstories"},"share_on_mastodon":{"url":"https:\/\/pubeurope.com\/@se\/115844957045823542","error":""},"_links":{"self":[{"href":"https:\/\/www.europesays.com\/se\/wp-json\/wp\/v2\/posts\/126860","targetHints":{"allow":["GET"]}}],"collection":[{"href":"https:\/\/www.europesays.com\/se\/wp-json\/wp\/v2\/posts"}],"about":[{"href":"https:\/\/www.europesays.com\/se\/wp-json\/wp\/v2\/types\/post"}],"author":[{"embeddable":true,"href":"https:\/\/www.europesays.com\/se\/wp-json\/wp\/v2\/users\/2"}],"replies":[{"embeddable":true,"href":"https:\/\/www.europesays.com\/se\/wp-json\/wp\/v2\/comments?post=126860"}],"version-history":[{"count":0,"href":"https:\/\/www.europesays.com\/se\/wp-json\/wp\/v2\/posts\/126860\/revisions"}],"wp:featuredmedia":[{"embeddable":true,"href":"https:\/\/www.europesays.com\/se\/wp-json\/wp\/v2\/media\/126861"}],"wp:attachment":[{"href":"https:\/\/www.europesays.com\/se\/wp-json\/wp\/v2\/media?parent=126860"}],"wp:term":[{"taxonomy":"category","embeddable":true,"href":"https:\/\/www.europesays.com\/se\/wp-json\/wp\/v2\/categories?post=126860"},{"taxonomy":"post_tag","embeddable":true,"href":"https:\/\/www.europesays.com\/se\/wp-json\/wp\/v2\/tags?post=126860"}],"curies":[{"name":"wp","href":"https:\/\/api.w.org\/{rel}","templated":true}]}}