{"id":126867,"date":"2026-01-05T23:17:07","date_gmt":"2026-01-05T23:17:07","guid":{"rendered":"https:\/\/www.europesays.com\/se\/126867\/"},"modified":"2026-01-05T23:17:07","modified_gmt":"2026-01-05T23:17:07","slug":"trump-dammar-av-doktrin-fran-1800-talet","status":"publish","type":"post","link":"https:\/\/www.europesays.com\/se\/126867\/","title":{"rendered":"Trump dammar av doktrin fr\u00e5n 1800-talet"},"content":{"rendered":"<p>Donald Trump har bl\u00e5st nytt liv i 1800-talets Monroedoktrin, med sin syn p\u00e5 USA som det v\u00e4stra halvklotets dominerande kraft. Attacken mot Venezuela och hoten mot Gr\u00f6nland kan f\u00f6rst\u00e5s inom ramen f\u00f6r \u201dDonroedoktrinen\u201d, menar flera kolumnister. <\/p>\n<p>Wall Street Journals Greg Ip \u00e4r en av dem som anar sp\u00e5r av James Monroe i Donald Trumps v\u00e4rldsbild. Han ser en president som framf\u00f6r allt annat drivs av handel och tillg\u00e5ng till r\u00e5varor.<\/p>\n<p>\u201dSedan andra v\u00e4rldskriget har USA:s strategi varit att h\u00e5lla Ryssland och Kina i schack, neutralisera skurkstater och bygga allianser\u201d, skriver Ip och forts\u00e4tter: <\/p>\n<p>\u201dDonroedoktrinen \u00e5terv\u00e4nder till f\u00f6rkrigstidens syns\u00e4tt, d\u00e4r mindre l\u00e4nder f\u00f6rv\u00e4ntades underordna sig stormakterna\u201d.<\/p>\n<p>\u00c4ven Financial Times Gideon Rachman problematiserar utvecklingen. Han tolkar Trumps vision som en v\u00e4rld indelad i intressesf\u00e4rer kring stormakter. <\/p>\n<p>\u201dTanken att intressesf\u00e4rer skapar stabilitet kan verka rimlig. Men den bortser fr\u00e5n mindre l\u00e4nders intressen \u2013 l\u00e4nder som anses f\u00f6r obetydliga f\u00f6r att f\u00e5 avg\u00f6ra sitt eget \u00f6de\u201d, skriver han. <\/p>\n<p>Rachman konstaterar att Ukraina \u00e4r ett exempel p\u00e5 att de \u201dmindre l\u00e4nderna\u201d kan sl\u00e5 tillbaka. <\/p>\n<p>Bloombergs John Authers anser att det \u00e4r en extraordin\u00e4r h\u00e4ndelseutveckling vi bevittnar. <\/p>\n<p>\u201dOch det \u00e4r n\u00e4stan raka motsatsen till vad amerikanerna trodde att de r\u00f6stade f\u00f6r n\u00e4r de valde en uttalad icke-interventionist\u201d, skriver han. <\/p>\n<p>Omni \u00e4r politiskt obundna och oberoende. Vi str\u00e4var efter att ge fler perspektiv p\u00e5 nyheterna. Har du fr\u00e5gor eller synpunkter kring v\u00e5r rapportering? <a href=\"https:\/\/omni.se\/analyser-trump-dammar-av-doktrinen-fran-1800-talet\/a\/mailto:redaktion@omni.se\" class=\"ArticleActions_contactLink__W2F1M\" rel=\"nofollow noopener\" target=\"_blank\">Kontakta redaktionen<\/a><\/p>\n","protected":false},"excerpt":{"rendered":"Donald Trump har bl\u00e5st nytt liv i 1800-talets Monroedoktrin, med sin syn p\u00e5 USA som det v\u00e4stra halvklotets&hellip;\n","protected":false},"author":2,"featured_media":126868,"comment_status":"","ping_status":"","sticky":false,"template":"","format":"standard","meta":{"footnotes":""},"categories":[14],"tags":[22,23,385,26,27,2346,2161,17,21,549,24,25,28,29,15,16,18,34,31,33,32,30,19,20,74,13061,51,2545,52,53,54],"class_list":{"0":"post-126867","1":"post","2":"type-post","3":"status-publish","4":"format-standard","5":"has-post-thumbnail","7":"category-varlden","8":"tag-breaking-news","9":"tag-breakingnews","10":"tag-donald-trump","11":"tag-featured-news","12":"tag-featurednews","13":"tag-greg-ip","14":"tag-gronland","15":"tag-headlines","16":"tag-huvudnyheter","17":"tag-kina","18":"tag-latest-news","19":"tag-latestnews","20":"tag-main-news","21":"tag-mainnews","22":"tag-news","23":"tag-nyheter","24":"tag-rubriker","25":"tag-se","26":"tag-svenska","27":"tag-sverige","28":"tag-sweden","29":"tag-swedish","30":"tag-top-stories","31":"tag-topstories","32":"tag-usa","33":"tag-usa-vs-venezuela","34":"tag-varlden","35":"tag-venezuela","36":"tag-world","37":"tag-world-news","38":"tag-worldnews"},"share_on_mastodon":{"url":"https:\/\/pubeurope.com\/@se\/115845047405277161","error":""},"_links":{"self":[{"href":"https:\/\/www.europesays.com\/se\/wp-json\/wp\/v2\/posts\/126867","targetHints":{"allow":["GET"]}}],"collection":[{"href":"https:\/\/www.europesays.com\/se\/wp-json\/wp\/v2\/posts"}],"about":[{"href":"https:\/\/www.europesays.com\/se\/wp-json\/wp\/v2\/types\/post"}],"author":[{"embeddable":true,"href":"https:\/\/www.europesays.com\/se\/wp-json\/wp\/v2\/users\/2"}],"replies":[{"embeddable":true,"href":"https:\/\/www.europesays.com\/se\/wp-json\/wp\/v2\/comments?post=126867"}],"version-history":[{"count":0,"href":"https:\/\/www.europesays.com\/se\/wp-json\/wp\/v2\/posts\/126867\/revisions"}],"wp:featuredmedia":[{"embeddable":true,"href":"https:\/\/www.europesays.com\/se\/wp-json\/wp\/v2\/media\/126868"}],"wp:attachment":[{"href":"https:\/\/www.europesays.com\/se\/wp-json\/wp\/v2\/media?parent=126867"}],"wp:term":[{"taxonomy":"category","embeddable":true,"href":"https:\/\/www.europesays.com\/se\/wp-json\/wp\/v2\/categories?post=126867"},{"taxonomy":"post_tag","embeddable":true,"href":"https:\/\/www.europesays.com\/se\/wp-json\/wp\/v2\/tags?post=126867"}],"curies":[{"name":"wp","href":"https:\/\/api.w.org\/{rel}","templated":true}]}}