{"id":126894,"date":"2026-01-06T00:31:16","date_gmt":"2026-01-06T00:31:16","guid":{"rendered":"https:\/\/www.europesays.com\/se\/126894\/"},"modified":"2026-01-06T00:31:16","modified_gmt":"2026-01-06T00:31:16","slug":"ryska-generalen-strandadskickades-i-exil-till-venezuela","status":"publish","type":"post","link":"https:\/\/www.europesays.com\/se\/126894\/","title":{"rendered":"Ryska generalen strandad:\nSkickades i exil till Venezuela"},"content":{"rendered":"<p>Han beordrade bombningen av Kachovka-dammen i Ukraina 2023.<\/p>\n<p>Men i h\u00f6stas skickades den ryska generalen Oleg Makarevitj i exil till Venezuela av Vladimir Putin.<\/p>\n<p>D\u00e4r har han tr\u00e4nat och instruerat venezuelanska soldater \u2013 men nu \u00e4r han fast, skriver <a href=\"https:\/\/focus.ua\/world\/739108-operaciya-ssha-v-venesuele-rf-uderzhivaet-voennyh-pod-rukovodstvom-generala-makarevicha\" rel=\"nofollow noopener\" target=\"_blank\">ukrainska medier.<\/a><\/p>\n<p>Senaste nyhetsklippen fr\u00e5n Expressen.<img   alt=\"\"\/><\/p>\n<p>Han beordrade bombningen av Kachovka-dammen i Ukraina 2023.<\/p>\n<p>Foto: Russian Presidential Press Offic \/ TT NYHETSBYR\u00c5N<\/p>\n<p>\u00d6ppna bild i helsk\u00e4rm<img loading=\"lazy\"   alt=\"\"\/><\/p>\n<p>Men i h\u00f6stas skickades den ryska generalen Oleg Makarevitj i exil till Venezuela av Vladimir Putin.<\/p>\n<p>Foto: TT NYHETSBYR\u00c5N<\/p>\n<p>\u00d6ppna bild i helsk\u00e4rm<\/p>\n<p>Oleg Makarevitj var innan kriget vice chef f\u00f6r den ryska flottan, och ledde elitgruppen \u201dDnepr Group of Forces\u201d n\u00e4r kriget v\u00e4l b\u00f6rjade.<\/p>\n<p>Som en av krigets toppgeneraler beordrade han bland annat attacken p\u00e5 Kachovka-dammen 2023.<\/p>\n<p>Men efter tv\u00e5 tuffa \u00e5r f\u00f6r den ryska arm\u00e9n skickades Makarevitj till Venezuela av Putin f\u00f6r att d\u00e4r tr\u00e4na och instruera venezuelanska soldater, <a href=\"https:\/\/t.me\/DIUkraine\/7356\" rel=\"nofollow\">uppgav ukrainsk underr\u00e4ttelsetj\u00e4nst<\/a> i h\u00f6stas.<\/p>\n<p>Hela h\u00f6sten har han \u00f6nskat att \u00e5terv\u00e4nda till <a href=\"https:\/\/www.expressen.se\/tagg\/location\/ryssland\/\" class=\"\" rel=\"nofollow noopener\" target=\"_blank\">Ryssland<\/a> i r\u00e4dslan f\u00f6r en attack fr\u00e5n USA.<\/p>\n<p>I g\u00e5r kom den \u2013 och nu \u00e4r han fast, uppger <a href=\"https:\/\/t.me\/zloyodessit\" rel=\"nofollow\">ukrainska medier.<\/a><\/p>\n<p>Var stationerad i Caracas<\/p>\n<p>Enligt uppgifter till den ukrainska journalisten Alexander Kovalenko ska Makarevitj flera g\u00e5nger ha beg\u00e4rt att f\u00e5 \u00e5terv\u00e4nda till Ryssland under h\u00f6sten.<\/p>\n<p>Och p\u00e5 s\u00f6ndagen, efter USA:s kidnappning av Nicolas Maduro, ska han skickat in en ny beg\u00e4ras om evakuering.<\/p>\n<p>\u201dDen avslogs, \u00e5terigen\u201d, skriver Kovalenko p\u00e5 <a href=\"https:\/\/t.me\/zloyodessit\" rel=\"nofollow\">Telegram<\/a>.<\/p>\n<p><a href=\"https:\/\/focus.ua\/voennye-novosti\/739049-voennaya-operaciya-ssha-v-venesuele-rf-osudila-sverzhenie-maduro\" rel=\"nofollow noopener\" target=\"_blank\">Ukrainska medier<\/a> skriver att Makarevitj nu \u00e4r strandad i Caracas, d\u00e4r hans kompani p\u00e5 drygt 100 ryska soldater \u00e4r stationerade.<\/p>\n<p>Ryssland f\u00f6rd\u00f6mde p\u00e5 l\u00f6rdagen USA:s insats i Caracas.<\/p>\n<p>\u201dVi bekr\u00e4ftar \u00e5ter v\u00e5r solidaritet med det venezuelanska folket och v\u00e5rt st\u00f6d f\u00f6r den bolivarianska ledningens v\u00e4g\u201d, skriver utrikesdepartementet i ett uttalande.<\/p>\n<p><strong>L\u00c4S MER: <\/strong><a href=\"https:\/\/www.expressen.se\/nyheter\/varlden\/elitstyrkan-ovade-i-kopia-av-maduros-sakerhetsrum\/\" class=\"\" rel=\"nofollow noopener\" target=\"_blank\">Elitstyrkan \u00f6vade i kopia av Maduros s\u00e4kerhetsrum<\/a><strong>L\u00c4S MER: <\/strong><a href=\"https:\/\/www.expressen.se\/nyheter\/varlden\/trumps-skryt-om-oljan-ska-tjana-mycket-pengar\/\" class=\"\" rel=\"nofollow noopener\" target=\"_blank\">Trumps skryt om oljan: \u201dSka tj\u00e4na mycket pengar\u201d<\/a><strong>L\u00c4S MER: <\/strong><a href=\"https:\/\/www.expressen.se\/nyheter\/varlden\/flera-explosioner-i-caracas\/\" class=\"\" rel=\"nofollow noopener\" target=\"_blank\">Trumps order \u2013 bomber \u00f6ver Venezuela<\/a><\/p>\n","protected":false},"excerpt":{"rendered":"Han beordrade bombningen av Kachovka-dammen i Ukraina 2023. Men i h\u00f6stas skickades den ryska generalen Oleg Makarevitj i&hellip;\n","protected":false},"author":2,"featured_media":126895,"comment_status":"","ping_status":"","sticky":false,"template":"","format":"standard","meta":{"footnotes":""},"categories":[5],"tags":[50,22,23,26,27,17,21,24,25,274,3819,28,29,15,13083,16,203,18,34,55,31,33,32,30,19,60,49,20],"class_list":{"0":"post-126894","1":"post","2":"type-post","3":"status-publish","4":"format-standard","5":"has-post-thumbnail","7":"category-rubriker","8":"tag-arme-forsvar","9":"tag-breaking-news","10":"tag-breakingnews","11":"tag-featured-news","12":"tag-featurednews","13":"tag-headlines","14":"tag-huvudnyheter","15":"tag-latest-news","16":"tag-latestnews","17":"tag-location-ryssland","18":"tag-location-venezuela","19":"tag-main-news","20":"tag-mainnews","21":"tag-news","22":"tag-newsstory-konflikten-mellan-usa-och-venezuela","23":"tag-nyheter","24":"tag-person-vladimir-putin","25":"tag-rubriker","26":"tag-se","27":"tag-sections-varlden","28":"tag-svenska","29":"tag-sverige","30":"tag-sweden","31":"tag-swedish","32":"tag-top-stories","33":"tag-topic-krig-konflikt","34":"tag-topic-militar","35":"tag-topstories"},"share_on_mastodon":{"url":"https:\/\/pubeurope.com\/@se\/115845338384038376","error":""},"_links":{"self":[{"href":"https:\/\/www.europesays.com\/se\/wp-json\/wp\/v2\/posts\/126894","targetHints":{"allow":["GET"]}}],"collection":[{"href":"https:\/\/www.europesays.com\/se\/wp-json\/wp\/v2\/posts"}],"about":[{"href":"https:\/\/www.europesays.com\/se\/wp-json\/wp\/v2\/types\/post"}],"author":[{"embeddable":true,"href":"https:\/\/www.europesays.com\/se\/wp-json\/wp\/v2\/users\/2"}],"replies":[{"embeddable":true,"href":"https:\/\/www.europesays.com\/se\/wp-json\/wp\/v2\/comments?post=126894"}],"version-history":[{"count":0,"href":"https:\/\/www.europesays.com\/se\/wp-json\/wp\/v2\/posts\/126894\/revisions"}],"wp:featuredmedia":[{"embeddable":true,"href":"https:\/\/www.europesays.com\/se\/wp-json\/wp\/v2\/media\/126895"}],"wp:attachment":[{"href":"https:\/\/www.europesays.com\/se\/wp-json\/wp\/v2\/media?parent=126894"}],"wp:term":[{"taxonomy":"category","embeddable":true,"href":"https:\/\/www.europesays.com\/se\/wp-json\/wp\/v2\/categories?post=126894"},{"taxonomy":"post_tag","embeddable":true,"href":"https:\/\/www.europesays.com\/se\/wp-json\/wp\/v2\/tags?post=126894"}],"curies":[{"name":"wp","href":"https:\/\/api.w.org\/{rel}","templated":true}]}}