{"id":126900,"date":"2026-01-06T00:47:12","date_gmt":"2026-01-06T00:47:12","guid":{"rendered":"https:\/\/www.europesays.com\/se\/126900\/"},"modified":"2026-01-06T00:47:12","modified_gmt":"2026-01-06T00:47:12","slug":"fyndet-i-garderoben-dod-bebis-i-soppase","status":"publish","type":"post","link":"https:\/\/www.europesays.com\/se\/126900\/","title":{"rendered":"Fyndet i garderoben: D\u00f6d bebis i sopp\u00e5se"},"content":{"rendered":"<p>Publicerad 5 jan 2026 kl 19.28<\/p>\n<p>Sk\u00f6nhetsdrottningen g\u00f6mde en d\u00f6d bebis i en sopp\u00e5se i garderoben.<\/p>\n<p>Hennes f\u00f6rklaring \u00e4r att hon f\u00f6dde mitt i natten \u2013 f\u00f6r att sedan somna p\u00e5 barnet.<\/p>\n<p>Som dog.<\/p>\n<p><img   alt=\"\"\/><\/p>\n<p>Laken Snelling.<\/p>\n<p>Foto: Facebook<\/p>\n<p>\u00d6ppna bild i helsk\u00e4rm<img loading=\"lazy\"   alt=\"\"\/><\/p>\n<p>Nu misst\u00e4nks hon f\u00f6r brott.<\/p>\n<p>Foto: Facebook<\/p>\n<p>\u00d6ppna bild i helsk\u00e4rm<img loading=\"lazy\"   alt=\"\"\/>\u00d6ppna bild i helsk\u00e4rm<\/p>\n<p>Sk\u00f6nhetsdrottningen och cheerleadern Laken Snelling, 22, var popul\u00e4r p\u00e5 sitt universitet i Kentucky, <a href=\"https:\/\/www.expressen.se\/tagg\/location\/usa\/\" class=\"\" rel=\"nofollow noopener\" target=\"_blank\">USA<\/a>.<\/p>\n<p>Men i september larmades polis till hennes l\u00e4genhet \u2013 d\u00e4r en d\u00f6d bebis, inlindad i en handduk i en plastp\u00e5se \u2013 l\u00e5g g\u00f6md i garderoben.<\/p>\n<p>Laken Snelling misst\u00e4nks sedan dess f\u00f6r bland annat brott mot gravfriden.<\/p>\n<p>Nu har <a href=\"https:\/\/people.com\/laken-snelling-kentucky-grand-jury-date-set-january-11876949\" rel=\"nofollow noopener\" target=\"_blank\">People<\/a> beg\u00e4rt ut amerikanska r\u00e4ttsdokument. De visar att senare i januari ska hon st\u00e4llas inf\u00f6r en s\u00e5 kallad grand jury, vilket \u00e4r ett steg mot en kommande r\u00e4tteg\u00e5ng.<\/p>\n<p>Husarrest hos f\u00f6r\u00e4ldrarna<\/p>\n<p>People skriver ocks\u00e5 att Laken Snelling f\u00f6dde barnet natten till den 27 augusti. Sedan somnade hon p\u00e5 barnet, som avled, enligt misstankarna.<\/p>\n<p>Efter\u00e5t ska hon ha g\u00f6mt undan bebisen.<\/p>\n<p>Under utredningen har Laken Snelling h\u00e5llits under husarrest hemma hos sina f\u00f6r\u00e4ldrar.<\/p>\n","protected":false},"excerpt":{"rendered":"Publicerad 5 jan 2026 kl 19.28 Sk\u00f6nhetsdrottningen g\u00f6mde en d\u00f6d bebis i en sopp\u00e5se i garderoben. Hennes f\u00f6rklaring&hellip;\n","protected":false},"author":2,"featured_media":126901,"comment_status":"","ping_status":"","sticky":false,"template":"","format":"standard","meta":{"footnotes":""},"categories":[5],"tags":[22,23,26,27,17,21,24,25,45,28,29,15,16,18,34,31,33,32,30,19,427,136,20],"class_list":{"0":"post-126900","1":"post","2":"type-post","3":"status-publish","4":"format-standard","5":"has-post-thumbnail","7":"category-rubriker","8":"tag-breaking-news","9":"tag-breakingnews","10":"tag-featured-news","11":"tag-featurednews","12":"tag-headlines","13":"tag-huvudnyheter","14":"tag-latest-news","15":"tag-latestnews","16":"tag-location-usa","17":"tag-main-news","18":"tag-mainnews","19":"tag-news","20":"tag-nyheter","21":"tag-rubriker","22":"tag-se","23":"tag-svenska","24":"tag-sverige","25":"tag-sweden","26":"tag-swedish","27":"tag-top-stories","28":"tag-topic-dodsfall","29":"tag-topic-rattegangar-domar","30":"tag-topstories"},"share_on_mastodon":{"url":"https:\/\/pubeurope.com\/@se\/115845401330177391","error":""},"_links":{"self":[{"href":"https:\/\/www.europesays.com\/se\/wp-json\/wp\/v2\/posts\/126900","targetHints":{"allow":["GET"]}}],"collection":[{"href":"https:\/\/www.europesays.com\/se\/wp-json\/wp\/v2\/posts"}],"about":[{"href":"https:\/\/www.europesays.com\/se\/wp-json\/wp\/v2\/types\/post"}],"author":[{"embeddable":true,"href":"https:\/\/www.europesays.com\/se\/wp-json\/wp\/v2\/users\/2"}],"replies":[{"embeddable":true,"href":"https:\/\/www.europesays.com\/se\/wp-json\/wp\/v2\/comments?post=126900"}],"version-history":[{"count":0,"href":"https:\/\/www.europesays.com\/se\/wp-json\/wp\/v2\/posts\/126900\/revisions"}],"wp:featuredmedia":[{"embeddable":true,"href":"https:\/\/www.europesays.com\/se\/wp-json\/wp\/v2\/media\/126901"}],"wp:attachment":[{"href":"https:\/\/www.europesays.com\/se\/wp-json\/wp\/v2\/media?parent=126900"}],"wp:term":[{"taxonomy":"category","embeddable":true,"href":"https:\/\/www.europesays.com\/se\/wp-json\/wp\/v2\/categories?post=126900"},{"taxonomy":"post_tag","embeddable":true,"href":"https:\/\/www.europesays.com\/se\/wp-json\/wp\/v2\/tags?post=126900"}],"curies":[{"name":"wp","href":"https:\/\/api.w.org\/{rel}","templated":true}]}}