{"id":126921,"date":"2026-01-06T02:00:07","date_gmt":"2026-01-06T02:00:07","guid":{"rendered":"https:\/\/www.europesays.com\/se\/126921\/"},"modified":"2026-01-06T02:00:07","modified_gmt":"2026-01-06T02:00:07","slug":"skottlossning-vid-presidentpalatset-i-caracas","status":"publish","type":"post","link":"https:\/\/www.europesays.com\/se\/126921\/","title":{"rendered":"Skottlossning vid presidentpalatset i Caracas"},"content":{"rendered":"<p class=\"boxtextgrotesk-root_baa6 hyperion-css-7pajle\">Uppdaterad 02.17 | Publicerad 02.12<\/p>\n<p>share-arrowDela<\/p>\n<p>unsaveSpara<\/p>\n<p class=\"hyperion-css-1shl3oz\" data-test-tag=\"lead-text\">Skottlossning har brutit ut i n\u00e4rheten av presidentpalatset Miraflores i Venezuelas huvudstad Caracas, rapporterar AFP med h\u00e4nvisning till vittnen.<\/p>\n<p class=\"hyperion-css-1v9qo5x\">Oidentifierade dr\u00f6nare uppges ha flugit \u00f6ver byggnaden p\u00e5 m\u00e5ndagskv\u00e4llen, lokal tid, vilka d\u00e5 besk\u00f6ts av s\u00e4kerhetsstyrkor. En regeringsk\u00e4lla s\u00e4ger till AFP att situationen bed\u00f6ms vara \u201dunder kontroll\u201d.<\/p>\n<p class=\"hyperion-css-1v9qo5x\">I helgen tillf\u00e5ngatog amerikanska specialstyrkor Venezuelas president Nicol\u00e1s Maduro i samband med en attack mot landet.<\/p>\n","protected":false},"excerpt":{"rendered":"Uppdaterad 02.17 | Publicerad 02.12 share-arrowDela unsaveSpara Skottlossning har brutit ut i n\u00e4rheten av presidentpalatset Miraflores i Venezuelas&hellip;\n","protected":false},"author":2,"featured_media":465,"comment_status":"","ping_status":"","sticky":false,"template":"","format":"standard","meta":{"footnotes":""},"categories":[5],"tags":[22,23,26,27,17,21,24,25,28,29,15,16,18,34,31,33,32,30,19,20],"class_list":{"0":"post-126921","1":"post","2":"type-post","3":"status-publish","4":"format-standard","5":"has-post-thumbnail","7":"category-rubriker","8":"tag-breaking-news","9":"tag-breakingnews","10":"tag-featured-news","11":"tag-featurednews","12":"tag-headlines","13":"tag-huvudnyheter","14":"tag-latest-news","15":"tag-latestnews","16":"tag-main-news","17":"tag-mainnews","18":"tag-news","19":"tag-nyheter","20":"tag-rubriker","21":"tag-se","22":"tag-svenska","23":"tag-sverige","24":"tag-sweden","25":"tag-swedish","26":"tag-top-stories","27":"tag-topstories"},"share_on_mastodon":{"url":"https:\/\/pubeurope.com\/@se\/115845688381415940","error":""},"_links":{"self":[{"href":"https:\/\/www.europesays.com\/se\/wp-json\/wp\/v2\/posts\/126921","targetHints":{"allow":["GET"]}}],"collection":[{"href":"https:\/\/www.europesays.com\/se\/wp-json\/wp\/v2\/posts"}],"about":[{"href":"https:\/\/www.europesays.com\/se\/wp-json\/wp\/v2\/types\/post"}],"author":[{"embeddable":true,"href":"https:\/\/www.europesays.com\/se\/wp-json\/wp\/v2\/users\/2"}],"replies":[{"embeddable":true,"href":"https:\/\/www.europesays.com\/se\/wp-json\/wp\/v2\/comments?post=126921"}],"version-history":[{"count":0,"href":"https:\/\/www.europesays.com\/se\/wp-json\/wp\/v2\/posts\/126921\/revisions"}],"wp:featuredmedia":[{"embeddable":true,"href":"https:\/\/www.europesays.com\/se\/wp-json\/wp\/v2\/media\/465"}],"wp:attachment":[{"href":"https:\/\/www.europesays.com\/se\/wp-json\/wp\/v2\/media?parent=126921"}],"wp:term":[{"taxonomy":"category","embeddable":true,"href":"https:\/\/www.europesays.com\/se\/wp-json\/wp\/v2\/categories?post=126921"},{"taxonomy":"post_tag","embeddable":true,"href":"https:\/\/www.europesays.com\/se\/wp-json\/wp\/v2\/tags?post=126921"}],"curies":[{"name":"wp","href":"https:\/\/api.w.org\/{rel}","templated":true}]}}