{"id":126931,"date":"2026-01-06T02:58:16","date_gmt":"2026-01-06T02:58:16","guid":{"rendered":"https:\/\/www.europesays.com\/se\/126931\/"},"modified":"2026-01-06T02:58:16","modified_gmt":"2026-01-06T02:58:16","slug":"susannes-husbil-brann-upp-ostersunds-posten","status":"publish","type":"post","link":"https:\/\/www.europesays.com\/se\/126931\/","title":{"rendered":"Susannes husbil brann upp \u2013 \u00d6stersunds-Posten"},"content":{"rendered":"<p>Under s\u00f6ndagskv\u00e4llen s\u00e5g Susanne Lundkvist sin husbil st\u00e5 i l\u00e5gor.<\/p>\n<p>Husbilen, som hon beskriver som en livsdr\u00f6m, fick bara rulla i 1,5 \u00e5r.<\/p>\n<p>\u2013 Min f\u00f6rsta k\u00e4nsla var: \u201dNej, nu kommer jag aldrig sova i en s\u00e5dan igen\u201d, s\u00e4ger hon.<\/p>\n<p><img loading=\"lazy\" decoding=\"async\" width=\"980\" height=\"551\" class=\"article-image article-image--featured\" alt=\"\u201dDet \u00e4r j\u00e4ttetr\u00e5kigt. Det har varit en livsdr\u00f6m f\u00f6r oss\u201d, s\u00e4ger Susanne Lundkvist efter att hennes husbil brann upp.\" src=\"https:\/\/www.europesays.com\/se\/wp-content\/uploads\/2026\/01\/3cfff8fb-262a-4133-8d0e-aef33828fd04.jpeg\"  \/><a class=\"article__lightbox-link\" href=\"https:\/\/static.bonniernews.se\/ba\/3cfff8fb-262a-4133-8d0e-aef33828fd04.jpeg?crop=1682%2C946%2Cx183%2Cy0&amp;width=1400&amp;format=pjpg&amp;auto=avif\" data-pswp-width=\"1400\" data-pswp-height=\"788\" data-pswp-caption=\"\u201dDet \u00e4r j\u00e4ttetr\u00e5kigt. Det har varit en livsdr\u00f6m f\u00f6r oss\u201d, s\u00e4ger Susanne Lundkvist efter att hennes husbil brann upp. Bild: Privat\" data-pswp- rel=\"nofollow noopener\" target=\"_blank\">\u00d6ppna bild i helsk\u00e4rmsl\u00e4ge<\/a><\/p>\n<p class=\"txt-style-muted\" aria-hidden=\"true\">\u201dDet \u00e4r j\u00e4ttetr\u00e5kigt. Det har varit en livsdr\u00f6m f\u00f6r oss\u201d, s\u00e4ger Susanne Lundkvist efter att hennes husbil brann upp.<\/p>\n<p class=\"article__figcaption-attribution txt-style-muted\">Bild: Privat<\/p>\n<p>Susanne Lundkvist, som \u00e4r fr\u00e5n Fr\u00f6s\u00f6n men numera bor i Varberg, har varit p\u00e5 bes\u00f6k hos sin pappa p\u00e5 Fr\u00f6s\u00f6n \u00f6ver jul.<\/p>\n<p>Tekniskt fel<\/p>\n<p class=\"message__text txt-ui txt-ui-2\">V\u00e4nligen f\u00f6rs\u00f6k igen senare.<\/p>\n<p>Den h\u00e4r artikeln \u00e4r bara f\u00f6r prenumeranter<\/p>\n<p class=\"txt-body txt-body-1\">Om du redan \u00e4r prenumerant: logga in!<\/p>\n","protected":false},"excerpt":{"rendered":"Under s\u00f6ndagskv\u00e4llen s\u00e5g Susanne Lundkvist sin husbil st\u00e5 i l\u00e5gor. Husbilen, som hon beskriver som en livsdr\u00f6m, fick&hellip;\n","protected":false},"author":2,"featured_media":126932,"comment_status":"","ping_status":"","sticky":false,"template":"","format":"standard","meta":{"footnotes":""},"categories":[12],"tags":[22,23,26,27,17,21,24,25,28,29,15,16,18,34,31,33,32,30,19,20],"class_list":{"0":"post-126931","1":"post","2":"type-post","3":"status-publish","4":"format-standard","5":"has-post-thumbnail","7":"category-sverige","8":"tag-breaking-news","9":"tag-breakingnews","10":"tag-featured-news","11":"tag-featurednews","12":"tag-headlines","13":"tag-huvudnyheter","14":"tag-latest-news","15":"tag-latestnews","16":"tag-main-news","17":"tag-mainnews","18":"tag-news","19":"tag-nyheter","20":"tag-rubriker","21":"tag-se","22":"tag-svenska","23":"tag-sverige","24":"tag-sweden","25":"tag-swedish","26":"tag-top-stories","27":"tag-topstories"},"share_on_mastodon":{"url":"https:\/\/pubeurope.com\/@se\/115845916435029587","error":""},"_links":{"self":[{"href":"https:\/\/www.europesays.com\/se\/wp-json\/wp\/v2\/posts\/126931","targetHints":{"allow":["GET"]}}],"collection":[{"href":"https:\/\/www.europesays.com\/se\/wp-json\/wp\/v2\/posts"}],"about":[{"href":"https:\/\/www.europesays.com\/se\/wp-json\/wp\/v2\/types\/post"}],"author":[{"embeddable":true,"href":"https:\/\/www.europesays.com\/se\/wp-json\/wp\/v2\/users\/2"}],"replies":[{"embeddable":true,"href":"https:\/\/www.europesays.com\/se\/wp-json\/wp\/v2\/comments?post=126931"}],"version-history":[{"count":0,"href":"https:\/\/www.europesays.com\/se\/wp-json\/wp\/v2\/posts\/126931\/revisions"}],"wp:featuredmedia":[{"embeddable":true,"href":"https:\/\/www.europesays.com\/se\/wp-json\/wp\/v2\/media\/126932"}],"wp:attachment":[{"href":"https:\/\/www.europesays.com\/se\/wp-json\/wp\/v2\/media?parent=126931"}],"wp:term":[{"taxonomy":"category","embeddable":true,"href":"https:\/\/www.europesays.com\/se\/wp-json\/wp\/v2\/categories?post=126931"},{"taxonomy":"post_tag","embeddable":true,"href":"https:\/\/www.europesays.com\/se\/wp-json\/wp\/v2\/tags?post=126931"}],"curies":[{"name":"wp","href":"https:\/\/api.w.org\/{rel}","templated":true}]}}