{"id":126961,"date":"2026-01-06T04:38:12","date_gmt":"2026-01-06T04:38:12","guid":{"rendered":"https:\/\/www.europesays.com\/se\/126961\/"},"modified":"2026-01-06T04:38:12","modified_gmt":"2026-01-06T04:38:12","slug":"skadad-skog-goms-i-sno-kan-bli-helt-forodande-di","status":"publish","type":"post","link":"https:\/\/www.europesays.com\/se\/126961\/","title":{"rendered":"Skadad skog g\u00f6ms i sn\u00f6: \u201dKan bli helt f\u00f6r\u00f6dande\u201d &#8211; DI"},"content":{"rendered":"<ol>\n<li><a href=\"https:\/\/news.google.com\/rss\/articles\/CBMifEFVX3lxTFBiMGN0OEdFT2ZrNURwRFRJajZQMlpyVWU5QjV1cjJiVmxSTkNKN2pCTUNKNF9YMG5PMGh0T3habnFBMTFGd1V0c3NYVDFvN1E1aEZOU1lkLUtVYml6dzNwUlM4RVNDX19qM05NN1ZXNHFpVF9VX0RFNEFJWjA?oc=5\" target=\"_blank\" rel=\"nofollow noopener\">Skadad skog g\u00f6ms i sn\u00f6: \u201dKan bli helt f\u00f6r\u00f6dande\u201d<\/a>&nbsp;&nbsp;DI<\/li>\n<li><a href=\"https:\/\/news.google.com\/rss\/articles\/CBMimwFBVV95cUxQektEU0FxZXI2ZEd1R1g2YmgyZHBaRW11MWRXMWJaRkpYVnJvMHltd0pOc3hFcnNENVBGTmtOWklzVEJtOXdsa082bUdKUmczdHI5b0xnZVRqMHRXY2ljWEt6Wnl2bm1ndlZDc21TR1hxNWs0cVEzV2VOd2JCcEQyZGV2UXk5MUZ2VF9IMmFUaldNLXdZREVtbTFEaw?oc=5\" target=\"_blank\" rel=\"nofollow noopener\">Expertens varning \u2013 farligare i skogen efter sn\u00f6stormen Anna<\/a>&nbsp;&nbsp;Sveriges Radio<\/li>\n<li><a href=\"https:\/\/news.google.com\/rss\/articles\/CBMiowFBVV95cUxNWktMRnB2cko1MzMtVVhfOGdsdmJwbkdlcWR0YmxPd0lCLVF2ckgzZ2M1VnB5UlZIVzA5NFZ3czhEZzFYOGVNbk9zbVItRzAzWGR5WWRCeEZMYktfZkhqSkhmbS1fdmp2OHJ6YVA4ZHptM2wxN19TTW96Z2pKLVpZU1REeFl3VXYxQUpHNHNSMHlLX3JpdV9mSjh6MGdiREdKOENN?oc=5\" target=\"_blank\" rel=\"nofollow noopener\">H\u00e5rt drabbade av skogsskador: Vill inte riktigt t\u00e4nka p\u00e5 det<\/a>&nbsp;&nbsp;SVT Nyheter<\/li>\n<li><a href=\"https:\/\/news.google.com\/rss\/articles\/CBMiekFVX3lxTFA1RXhHc19iV0RDT3E5TlZxSDJEa3J3LVlSdGxyYTR5aU1IQWFQTV93cGphVVUtSGptTDhmWHFNTzVBV0REN3gwci1DNmFkQVJrLUJLaU5XQmVJMjlsU3JMSkNZTFBBYWZFeTBsaXh2MUx0UnhkT3JZVnJn?oc=5\" target=\"_blank\" rel=\"nofollow noopener\">Helikoptern visar f\u00f6r\u00f6delsen efter stormen<\/a>&nbsp;&nbsp;ATL<\/li>\n<li><a href=\"https:\/\/news.google.com\/rss\/articles\/CBMijAFBVV95cUxNSUotVF9XNF9TVEJ2eVRIODRUd0t5SGJLdVE4N2RMZUdNTFlZTERub0RtaS1nMk1tYVVuTW1FaXNub3BpSVphWTZPc3l4REpJbzNfMDRKV3FVMEZWN29fQlFDN3BTaXpSaVk3WXpRVW0yM0dWaG1sU2I4WHEtSUtSM0w1N0pHRDFzbFpUVA?oc=5\" target=\"_blank\" rel=\"nofollow noopener\">Gustav, 26, hyllas f\u00f6r sin insats efter stormen<\/a>&nbsp;&nbsp;Falu-Kuriren<\/li>\n<\/ol>\n","protected":false},"excerpt":{"rendered":"Skadad skog g\u00f6ms i sn\u00f6: \u201dKan bli helt f\u00f6r\u00f6dande\u201d&nbsp;&nbsp;DI Expertens varning \u2013 farligare i skogen efter sn\u00f6stormen Anna&nbsp;&nbsp;Sveriges&hellip;\n","protected":false},"author":2,"featured_media":126962,"comment_status":"","ping_status":"","sticky":false,"template":"","format":"standard","meta":{"footnotes":""},"categories":[5],"tags":[22,23,26,27,17,21,24,25,28,29,15,16,18,34,31,33,32,30,19,20],"class_list":{"0":"post-126961","1":"post","2":"type-post","3":"status-publish","4":"format-standard","5":"has-post-thumbnail","7":"category-rubriker","8":"tag-breaking-news","9":"tag-breakingnews","10":"tag-featured-news","11":"tag-featurednews","12":"tag-headlines","13":"tag-huvudnyheter","14":"tag-latest-news","15":"tag-latestnews","16":"tag-main-news","17":"tag-mainnews","18":"tag-news","19":"tag-nyheter","20":"tag-rubriker","21":"tag-se","22":"tag-svenska","23":"tag-sverige","24":"tag-sweden","25":"tag-swedish","26":"tag-top-stories","27":"tag-topstories"},"share_on_mastodon":{"url":"https:\/\/pubeurope.com\/@se\/115846309649928893","error":""},"_links":{"self":[{"href":"https:\/\/www.europesays.com\/se\/wp-json\/wp\/v2\/posts\/126961","targetHints":{"allow":["GET"]}}],"collection":[{"href":"https:\/\/www.europesays.com\/se\/wp-json\/wp\/v2\/posts"}],"about":[{"href":"https:\/\/www.europesays.com\/se\/wp-json\/wp\/v2\/types\/post"}],"author":[{"embeddable":true,"href":"https:\/\/www.europesays.com\/se\/wp-json\/wp\/v2\/users\/2"}],"replies":[{"embeddable":true,"href":"https:\/\/www.europesays.com\/se\/wp-json\/wp\/v2\/comments?post=126961"}],"version-history":[{"count":0,"href":"https:\/\/www.europesays.com\/se\/wp-json\/wp\/v2\/posts\/126961\/revisions"}],"wp:featuredmedia":[{"embeddable":true,"href":"https:\/\/www.europesays.com\/se\/wp-json\/wp\/v2\/media\/126962"}],"wp:attachment":[{"href":"https:\/\/www.europesays.com\/se\/wp-json\/wp\/v2\/media?parent=126961"}],"wp:term":[{"taxonomy":"category","embeddable":true,"href":"https:\/\/www.europesays.com\/se\/wp-json\/wp\/v2\/categories?post=126961"},{"taxonomy":"post_tag","embeddable":true,"href":"https:\/\/www.europesays.com\/se\/wp-json\/wp\/v2\/tags?post=126961"}],"curies":[{"name":"wp","href":"https:\/\/api.w.org\/{rel}","templated":true}]}}