{"id":126970,"date":"2026-01-06T05:04:11","date_gmt":"2026-01-06T05:04:11","guid":{"rendered":"https:\/\/www.europesays.com\/se\/126970\/"},"modified":"2026-01-06T05:04:11","modified_gmt":"2026-01-06T05:04:11","slug":"valdigt-otackt-raddade-sin-hast-ur-isvak","status":"publish","type":"post","link":"https:\/\/www.europesays.com\/se\/126970\/","title":{"rendered":"\u201dV\u00e4ldigt ot\u00e4ckt\u201d &#8211; r\u00e4ddade sin h\u00e4st ur isvak"},"content":{"rendered":"<p>\u00c4garen <strong>Maria Gustavsson<\/strong> bevittnade olyckan p\u00e5 n\u00e4ra h\u00e5ll och s\u00e5g med egna \u00f6gon hur stoet drogs ner under vattenytan.<br \/>\u2013 Det var r\u00e4tt ot\u00e4ckt att se en h\u00e4st f\u00f6rsvinna p\u00e5 det viset, <a href=\"https:\/\/www.bt.se\/ulricehamn\/maria-raddade-hasten-alva-ur-isvak-jag-bara-sprang\/\" rel=\"nofollow noopener\" target=\"_blank\">s\u00e4ger hon till Bor\u00e5s tidning<\/a>.<\/p>\n<p>Maria agerade snabbt, h\u00e4mtade ett spett och ett grimskaft, och fick snart hj\u00e4lp av tv\u00e5 grannar som ocks\u00e5 har h\u00e4stvana Tillsammans lyckades de, under dramatiska minuter, r\u00e4dda livet p\u00e5 den flera hundra kilo tunga nordsvensken.<br \/>\u2013 Jag h\u00f6ll hennes huvud ovanf\u00f6r vattenytan medan granntjejerna spettade isen, s\u00e4ger Maria Gustavsson till Bor\u00e5s tidning.<\/p>\n<p>Hagen var ny f\u00f6r h\u00e4sten<\/p>\n<p>Medan Maria h\u00f6ll \u00c4lvas huvud ovanf\u00f6r ytan larmade hennes sambo r\u00e4ddningstj\u00e4nsten. Klockan var strax efter halv nio p\u00e5 morgonen n\u00e4r larmet n\u00e5dde  r\u00e4ddningstj\u00e4nsten, som genast ryckte ut och skickade fyra enheter till platsen, beredda att ta sig an det stora r\u00e4ddningsuppdraget.<\/p>\n<p>Flera olyckliga omst\u00e4ndigheter l\u00e5g bakom h\u00e4ndelsen. \u00c4lva hade bara varit p\u00e5 g\u00e5rden sedan i s\u00f6ndags och var i hagen f\u00f6r f\u00f6rsta g\u00e5ngen. Just d\u00e4rf\u00f6r h\u00f6ll Maria extra noggrann uppsikt \u00f6ver stoet, som bara hann g\u00e5 tv\u00e5 varv runt hagen innan hon gick genom isen.<\/p>\n<p>\u2013 Det bara h\u00f6gg i magen, s\u00e5 jag bara sprang som en tok genom sn\u00f6n.<\/p>\n<p>Tog sig upp sj\u00e4lv<\/p>\n<p>Men precis n\u00e4r den f\u00f6rsta brandbilen sv\u00e4ngde in p\u00e5 g\u00e5rdsplanen fick h\u00e4sten f\u00e4ste med hovarna p\u00e5 botten av dammen, som \u00e4r omkring tv\u00e5 meter djup p\u00e5 det djupaste st\u00e4llet.<\/p>\n<p>\u2013 N\u00e4r de tutade uppe vid v\u00e4gen frammanade hon sina sista krafter och lyckades ta sig upp p\u00e5 egen hand, ber\u00e4ttar Maria  \u2013 som nu kommer att s\u00e4tta ett st\u00e4ngsel runt dammen.<\/p>\n<p>N\u00e4r \u00c4lva kommit upp och torkats av i stallet fick hon promenera tillsammans med boxgrannen Sebastian f\u00f6r att f\u00e5 upp v\u00e4rmen igen.<\/p>\n<p>S\u00e5 arbetar Ridsport<\/p>\n<p>Grunden i v\u00e5r journalistik \u00e4r trov\u00e4rdighet och opartiskhet. Det vi publicerar ska vara sant och relevant. Ridsport \u00e4r oberoende och frist\u00e5ende i f\u00f6rh\u00e5llande till ekonomiska, privata, politiska och andra intressen.<\/p>\n","protected":false},"excerpt":{"rendered":"\u00c4garen Maria Gustavsson bevittnade olyckan p\u00e5 n\u00e4ra h\u00e5ll och s\u00e5g med egna \u00f6gon hur stoet drogs ner under&hellip;\n","protected":false},"author":2,"featured_media":126971,"comment_status":"","ping_status":"","sticky":false,"template":"","format":"standard","meta":{"footnotes":""},"categories":[68],"tags":[13176,6872,2283,34,111,110,31,33,32,30],"class_list":{"0":"post-126970","1":"post","2":"type-post","3":"status-publish","4":"format-standard","5":"has-post-thumbnail","7":"category-sport","8":"tag-isvak","9":"tag-olycka","10":"tag-raddningstjanst","11":"tag-se","12":"tag-sport","13":"tag-sports","14":"tag-svenska","15":"tag-sverige","16":"tag-sweden","17":"tag-swedish"},"share_on_mastodon":{"url":"https:\/\/pubeurope.com\/@se\/115846411893247963","error":""},"_links":{"self":[{"href":"https:\/\/www.europesays.com\/se\/wp-json\/wp\/v2\/posts\/126970","targetHints":{"allow":["GET"]}}],"collection":[{"href":"https:\/\/www.europesays.com\/se\/wp-json\/wp\/v2\/posts"}],"about":[{"href":"https:\/\/www.europesays.com\/se\/wp-json\/wp\/v2\/types\/post"}],"author":[{"embeddable":true,"href":"https:\/\/www.europesays.com\/se\/wp-json\/wp\/v2\/users\/2"}],"replies":[{"embeddable":true,"href":"https:\/\/www.europesays.com\/se\/wp-json\/wp\/v2\/comments?post=126970"}],"version-history":[{"count":0,"href":"https:\/\/www.europesays.com\/se\/wp-json\/wp\/v2\/posts\/126970\/revisions"}],"wp:featuredmedia":[{"embeddable":true,"href":"https:\/\/www.europesays.com\/se\/wp-json\/wp\/v2\/media\/126971"}],"wp:attachment":[{"href":"https:\/\/www.europesays.com\/se\/wp-json\/wp\/v2\/media?parent=126970"}],"wp:term":[{"taxonomy":"category","embeddable":true,"href":"https:\/\/www.europesays.com\/se\/wp-json\/wp\/v2\/categories?post=126970"},{"taxonomy":"post_tag","embeddable":true,"href":"https:\/\/www.europesays.com\/se\/wp-json\/wp\/v2\/tags?post=126970"}],"curies":[{"name":"wp","href":"https:\/\/api.w.org\/{rel}","templated":true}]}}