{"id":126974,"date":"2026-01-06T05:10:16","date_gmt":"2026-01-06T05:10:16","guid":{"rendered":"https:\/\/www.europesays.com\/se\/126974\/"},"modified":"2026-01-06T05:10:16","modified_gmt":"2026-01-06T05:10:16","slug":"hund-bet-ihjal-kvinna-flickvan-atalas-for-grovt-vallande-till-annans-dod","status":"publish","type":"post","link":"https:\/\/www.europesays.com\/se\/126974\/","title":{"rendered":"Hund bet ihj\u00e4l kvinna \u2013 flickv\u00e4n \u00e5talas f\u00f6r grovt v\u00e5llande till annans d\u00f6d"},"content":{"rendered":"<p>Det var i april 2024 som en kvinna kom hem till sin flickv\u00e4n sent en kv\u00e4ll. Det blev b\u00f6rjan p\u00e5 en turbulent natt som pr\u00e4glades av h\u00f6gljudda diskussioner och fysiskt v\u00e5ld, skulle flickv\u00e4nnen ber\u00e4tta i senare f\u00f6rh\u00f6r.<\/p>\n<p>Hon hade tre hundar och sex valpar i l\u00e4genheten. N\u00e5gon g\u00e5ng under natten har en av hundarna, en american bully, attackerat kvinnan s\u00e5 brutalt att hon sedan dog av skadorna, n\u00e5got som <a href=\"https:\/\/www.expressen.se\/nyheter\/sverige\/kvinna-ihjalbiten-av-flickvannens-hund\/\" rel=\"nofollow noopener\" target=\"_blank\">Expressen<\/a> ocks\u00e5 rapporterat.<\/p>\n<p>R\u00e4ttsl\u00e4karen r\u00e4knade till 14 bett bara i ansiktet, enligt utredningen.<\/p>\n<p>Flickv\u00e4nnen ber\u00e4ttade i sitt f\u00f6rh\u00f6r att hon hade blivit slagen av kvinnan och att hunden d\u00e5 gick till anfall.<\/p>\n<p>\u2013 Jag f\u00f6rs\u00f6kte stoppa honom men jag var helt snurrig. (&#8230;) Han kom f\u00f6r att f\u00f6rsvara mig. Jag uttryckte inte n\u00e5gra ord som \u201dattack\u201d. Han kan inte n\u00e5got s\u00e5dant, sa hon i f\u00f6rh\u00f6r.<\/p>\n<p><strong>Det finns dock flera<\/strong> f\u00f6rsv\u00e5rande omst\u00e4ndigheter i hennes ber\u00e4ttelse. Hon hade ringt till SOS Alarm flera g\u00e5nger under natten och morgonen. Vid ett tillf\u00e4lle stod en akutl\u00e4kare utanf\u00f6r porten utan att bli insl\u00e4ppt.<\/p>\n<p>Hon ber\u00e4ttade att hon hade hj\u00e4lpt den skadade kvinnan in i badrummet direkt efter attacken och att hon d\u00e5 andades. Men d\u00e5 ska hon ha l\u00e4mnat henne d\u00e4r medan hon st\u00e4dade l\u00e4genheten.<\/p>\n<p>Sj\u00e4lv f\u00f6rklarade hon det med att hon inte t\u00e4nkte klart, eftersom hon var i chock och p\u00e5verkad av narkotika.<\/p>\n<p><strong>P\u00e5 fr\u00e5gan hur<\/strong> l\u00e4nge hon hade l\u00e4mnat den skadade kvinnan ensam i badrummet kunde hon inte ge n\u00e5got entydigt svar. I det sista f\u00f6rh\u00f6ret s\u00e4ger hon att det kunde r\u00f6ra sig om mer \u00e4n en kvart.<\/p>\n<p>\u2013 Som jag sa, f\u00f6rstod jag inte att det var s\u00e5 allvarligt utan f\u00f6rs\u00f6kte hj\u00e4lpa henne sj\u00e4lv. I efterhand\u2026 jag vet inte vad jag ska s\u00e4ga. Det var en stressig situation, s\u00e4ger hon.<\/p>\n<p>Om hunden, som nu avlivats, sa hon att den aldrig gjort n\u00e5got liknande tidigare.<\/p>\n<p>\u2013 Mina hundar \u00e4r guld v\u00e4rda. De \u00e4r j\u00e4ttetrevliga. De \u00e4lskar m\u00e4nniskor, sa hon.<\/p>\n<p>Nu \u00e5talas hon f\u00f6r grovt v\u00e5llande till annans d\u00f6d.<\/p>\n<p><strong>Initialt misst\u00e4nktes hon f\u00f6r mord<\/strong> men \u00e5klagaren Lovisa Hellqvist valde att \u00e5tala henne f\u00f6r grovt v\u00e5llande till annans d\u00f6d.<\/p>\n<p>\u2013 Det har inte g\u00e5tt att bevisa att hon hade haft upps\u00e5t att d\u00f6da. I st\u00e4llet handlar det om oaktsamhet och d\u00e5 \u00e4r det v\u00e5llandebrott, s\u00e4ger hon.<\/p>\n<p>\u00c5klagaren menar att hon har brustit i tillsynen av hunden.<\/p>\n<p>\u2013 Jag menar att hon i egenskap av \u00e4gare ansvarar f\u00f6r det hunden har gjort. Sedan har hon underl\u00e5tit att vidta \u00e5tg\u00e4rder, bland annat att se till att m\u00e5ls\u00e4gande fick n\u00f6dv\u00e4ndig v\u00e5rd, s\u00e4ger Lovisa Hellqvist.<\/p>\n<p><strong>Den \u00e5talade kvinnan har<\/strong> medgett vissa omst\u00e4ndigheter som tas upp i utredningen men nekar till brott.<\/p>\n<p>Hon \u00e5talas \u00e4ven f\u00f6r grovt v\u00e5llande till kroppsskada vid ett senare tillf\u00e4lle d\u00e5 en eller flera av hennes hundar ska ha attackerat en annan person.<\/p>\n<p>DN har ringt den misst\u00e4nkta kvinnans advokat som inte vill kommentera \u00e4rendet.<\/p>\n","protected":false},"excerpt":{"rendered":"Det var i april 2024 som en kvinna kom hem till sin flickv\u00e4n sent en kv\u00e4ll. Det blev&hellip;\n","protected":false},"author":2,"featured_media":126975,"comment_status":"","ping_status":"","sticky":false,"template":"","format":"standard","meta":{"footnotes":""},"categories":[5],"tags":[22,23,26,27,17,21,24,25,28,29,15,16,18,34,31,33,32,30,19,20],"class_list":{"0":"post-126974","1":"post","2":"type-post","3":"status-publish","4":"format-standard","5":"has-post-thumbnail","7":"category-rubriker","8":"tag-breaking-news","9":"tag-breakingnews","10":"tag-featured-news","11":"tag-featurednews","12":"tag-headlines","13":"tag-huvudnyheter","14":"tag-latest-news","15":"tag-latestnews","16":"tag-main-news","17":"tag-mainnews","18":"tag-news","19":"tag-nyheter","20":"tag-rubriker","21":"tag-se","22":"tag-svenska","23":"tag-sverige","24":"tag-sweden","25":"tag-swedish","26":"tag-top-stories","27":"tag-topstories"},"share_on_mastodon":{"url":"https:\/\/pubeurope.com\/@se\/115846435457909874","error":""},"_links":{"self":[{"href":"https:\/\/www.europesays.com\/se\/wp-json\/wp\/v2\/posts\/126974","targetHints":{"allow":["GET"]}}],"collection":[{"href":"https:\/\/www.europesays.com\/se\/wp-json\/wp\/v2\/posts"}],"about":[{"href":"https:\/\/www.europesays.com\/se\/wp-json\/wp\/v2\/types\/post"}],"author":[{"embeddable":true,"href":"https:\/\/www.europesays.com\/se\/wp-json\/wp\/v2\/users\/2"}],"replies":[{"embeddable":true,"href":"https:\/\/www.europesays.com\/se\/wp-json\/wp\/v2\/comments?post=126974"}],"version-history":[{"count":0,"href":"https:\/\/www.europesays.com\/se\/wp-json\/wp\/v2\/posts\/126974\/revisions"}],"wp:featuredmedia":[{"embeddable":true,"href":"https:\/\/www.europesays.com\/se\/wp-json\/wp\/v2\/media\/126975"}],"wp:attachment":[{"href":"https:\/\/www.europesays.com\/se\/wp-json\/wp\/v2\/media?parent=126974"}],"wp:term":[{"taxonomy":"category","embeddable":true,"href":"https:\/\/www.europesays.com\/se\/wp-json\/wp\/v2\/categories?post=126974"},{"taxonomy":"post_tag","embeddable":true,"href":"https:\/\/www.europesays.com\/se\/wp-json\/wp\/v2\/tags?post=126974"}],"curies":[{"name":"wp","href":"https:\/\/api.w.org\/{rel}","templated":true}]}}