{"id":126976,"date":"2026-01-06T05:12:28","date_gmt":"2026-01-06T05:12:28","guid":{"rendered":"https:\/\/www.europesays.com\/se\/126976\/"},"modified":"2026-01-06T05:12:28","modified_gmt":"2026-01-06T05:12:28","slug":"anger-och-andersson-blir-basta-svenskar-i-tour-de-ski-2025-26","status":"publish","type":"post","link":"https:\/\/www.europesays.com\/se\/126976\/","title":{"rendered":"Anger och Andersson blir b\u00e4sta svenskar i Tour de Ski 2025\/26"},"content":{"rendered":"<p>Resultat Tour de Ski 2025\/26<\/p>\n<p class=\"normal\"><strong>Herrar<\/strong><\/p>\n<ol class=\" env-text-list normal\">\n<li>Johannes H\u00f6sflot Kl\u00e4bo, NOR<\/li>\n<li>Mattis Stenshagen, NOR<\/li>\n<li>Harald \u00d6stberg Amundsen, NOR<\/li>\n<\/ol>\n<p class=\"normal\">12. Edvin Anger<br \/>19. Truls Gisselman<br \/>23. William Poromaa<br \/>29. Gustaf Berglund<br \/>32. Eric Rosj\u00f6<br \/>35. Johan Ekberg<br \/>40. Alvar Myhlback<br \/>51. Jonas Eriksson<br \/>53. Anton Grahn<\/p>\n<p class=\"normal\"><strong>Damer<\/strong><\/p>\n<ol class=\" env-text-list normal\">\n<li>Jessie Diggins, USA<\/li>\n<li>Teresa Stadlober, AUT<\/li>\n<li>Heidi Weng, NOR<\/li>\n<\/ol>\n<p class=\"normal\">4. Ebba Andersson<br \/>8. Moa Ilar<br \/>11. Moa Lundgren<br \/>14. Maja Dahlqvist<br \/>30. Evelina Cr\u00fcsell<br \/>32. Johanna Hagstr\u00f6m<br \/>41. Lisa Eriksson<\/p>\n<p>Resultat Final Climb<\/p>\n<p class=\"normal\"><strong>Herrar<\/strong><\/p>\n<ol class=\" env-text-list normal\">\n<li>Mattis Stenshagen, NOR<\/li>\n<li>Jules Lapierre, FRA<\/li>\n<li>Emil Iversen, NOR<\/li>\n<\/ol>\n<p class=\"normal\">17. William Poromaa<br \/>30. Truls Gisselman<br \/>34. Eric Rosj\u00f6<br \/>36. Edvin Anger<br \/>38. Johan Ekberg<br \/>39. Jonas Eriksson<br \/>44. Alvar Myhlback<br \/>47. Gustaf Berglund<br \/>68. Anton Grahn<\/p>\n<p class=\"normal\"><strong>Damer<\/strong><\/p>\n<ol class=\" env-text-list normal\">\n<li>Karoline Simpson-Larsen\ud83c\uddf3\ud83c\uddf4<\/li>\n<li>Jessie Diggins\ud83c\uddfa\ud83c\uddf8<\/li>\n<li>Heidi Weng\ud83c\uddf3\ud83c\uddf4<\/li>\n<\/ol>\n<p class=\"normal\">5. Ebba Andersson<br \/>13. Moa Lundgren<br \/>26. Moa Ilar<br \/>29. Evelina Cr\u00fcsell<br \/>30. Maja Dahlqvist<br \/>36. Lisa Eriksson<br \/>43. Johanna Hagstr\u00f6m<br \/>DNF. M\u00e4rta Rosenberg<\/p>\n","protected":false},"excerpt":{"rendered":"Resultat Tour de Ski 2025\/26 Herrar Johannes H\u00f6sflot Kl\u00e4bo, NOR Mattis Stenshagen, NOR Harald \u00d6stberg Amundsen, NOR 12.&hellip;\n","protected":false},"author":2,"featured_media":126977,"comment_status":"","ping_status":"","sticky":false,"template":"","format":"standard","meta":{"footnotes":""},"categories":[68],"tags":[34,111,110,31,33,32,30],"class_list":{"0":"post-126976","1":"post","2":"type-post","3":"status-publish","4":"format-standard","5":"has-post-thumbnail","7":"category-sport","8":"tag-se","9":"tag-sport","10":"tag-sports","11":"tag-svenska","12":"tag-sverige","13":"tag-sweden","14":"tag-swedish"},"share_on_mastodon":{"url":"https:\/\/pubeurope.com\/@se\/115846443333136970","error":""},"_links":{"self":[{"href":"https:\/\/www.europesays.com\/se\/wp-json\/wp\/v2\/posts\/126976","targetHints":{"allow":["GET"]}}],"collection":[{"href":"https:\/\/www.europesays.com\/se\/wp-json\/wp\/v2\/posts"}],"about":[{"href":"https:\/\/www.europesays.com\/se\/wp-json\/wp\/v2\/types\/post"}],"author":[{"embeddable":true,"href":"https:\/\/www.europesays.com\/se\/wp-json\/wp\/v2\/users\/2"}],"replies":[{"embeddable":true,"href":"https:\/\/www.europesays.com\/se\/wp-json\/wp\/v2\/comments?post=126976"}],"version-history":[{"count":0,"href":"https:\/\/www.europesays.com\/se\/wp-json\/wp\/v2\/posts\/126976\/revisions"}],"wp:featuredmedia":[{"embeddable":true,"href":"https:\/\/www.europesays.com\/se\/wp-json\/wp\/v2\/media\/126977"}],"wp:attachment":[{"href":"https:\/\/www.europesays.com\/se\/wp-json\/wp\/v2\/media?parent=126976"}],"wp:term":[{"taxonomy":"category","embeddable":true,"href":"https:\/\/www.europesays.com\/se\/wp-json\/wp\/v2\/categories?post=126976"},{"taxonomy":"post_tag","embeddable":true,"href":"https:\/\/www.europesays.com\/se\/wp-json\/wp\/v2\/tags?post=126976"}],"curies":[{"name":"wp","href":"https:\/\/api.w.org\/{rel}","templated":true}]}}