{"id":126986,"date":"2026-01-06T05:26:22","date_gmt":"2026-01-06T05:26:22","guid":{"rendered":"https:\/\/www.europesays.com\/se\/126986\/"},"modified":"2026-01-06T05:26:22","modified_gmt":"2026-01-06T05:26:22","slug":"nya-varningar-for-snofall-kraftiga-snobyar","status":"publish","type":"post","link":"https:\/\/www.europesays.com\/se\/126986\/","title":{"rendered":"Nya varningar f\u00f6r sn\u00f6fall: \u201dKraftiga sn\u00f6byar\u201d"},"content":{"rendered":"<p>Gula v\u00e4dervarningar \u00e4r under m\u00e5ndagen utf\u00e4rdade f\u00f6r kraftigt sn\u00f6fall i s\u00f6dra Sverige. Varningarna omfattar \u00f6stra Svealand, Sk\u00e5ne, nord\u00f6stra G\u00f6taland, \u00d6land och Gotland.<\/p>\n<p>\u00c4ven i Kalmar l\u00e4n, \u00f6stra Blekinge och delar av Dalsland och V\u00e4rmland kan det lokalt f\u00f6rekomma kraftiga sn\u00f6byar som kan skapa trafikproblem. Varningarna i Stockholm, Uppsala, \u00d6land och Sk\u00e5ne g\u00e4ller \u00e4ven hela tisdagen.<\/p>\n<p>\u2013 Det \u00e4r fr\u00e4mst de s\u00f6dra och inre delarna av G\u00f6taland som har en gul sn\u00f6fallsvarning just nu, s\u00e4ger H\u00e4renstam.<\/p>\n<p><strong>Det sn\u00f6ov\u00e4der som<\/strong> ligger \u00f6ver nordv\u00e4stra Sk\u00e5ne kommer l\u00e5ngsamt att r\u00f6ra sig norrut. Enligt H\u00e4renstam r\u00f6r det sig om tv\u00e5 sn\u00f6ov\u00e4der som flyter ihop under dagen.<\/p>\n<p>\u2013 Det kommer en ytterligare portion fr\u00e5n s\u00f6der p\u00e5 m\u00e5ndag eftermiddag. Fr\u00e5n i eftermiddag intensifieras sn\u00f6fallsomr\u00e5det v\u00e4st om V\u00e4nern och upp \u00f6ver norra Kalmars l\u00e4n, och sedan tisdag eftermiddag ber\u00f6r de fr\u00e4mst \u00f6stra Svealand.<\/p>\n<p>SMHI varnar \u00e4ven f\u00f6r kraftiga sn\u00f6byar i Mellansverige fr\u00e5n klockan 16 p\u00e5 tisdag och ett dygn fram\u00e5t. De gula varningarna omfattar G\u00e4vleborgs l\u00e4n, \u00f6stra Dalarna, ostligaste H\u00e4rjedalen och syd\u00f6stra V\u00e4sternorrland.<\/p>\n<p>Lokalt kan det under m\u00e5ndagen falla uppemot 15 centimeter sn\u00f6.<\/p>\n<p>\u2013 Det \u00e4r sv\u00e5rt att s\u00e4ga exakt vart det kommer. Det ser ut som att de st\u00f6rsta m\u00e4ngderna kommer att falla \u00f6ver norra Kalmar l\u00e4n under eftermiddagen.<\/p>\n<p>Varningarna i s\u00f6dra Sverige str\u00e4cker sig fram till m\u00e5ndagskv\u00e4llen. Trafikverkets presskommunikat\u00f6r P\u00e4r Aronsson s\u00e4ger att de st\u00e5r beredda att ingripa.<\/p>\n<p>\u2013 Det kan vara v\u00e4ldigt lokalt s\u00e5 det \u00e4r sv\u00e5rt att veta hur det ska p\u00e5verka. Vi har beredskap och resurser utplacerade i omr\u00e5det, bland annat tungb\u00e4rgare som flyttas runt i stormen Anna, s\u00e4ger Trafikverkets presskommunikat\u00f6r P\u00e4r Aronsson.<\/p>\n<p>I varningsomr\u00e5dena i mellersta Sverige v\u00e4ntas p\u00e5 tisdagen uppemot 20 centimeter sn\u00f6, lokalt 30.<\/p>\n<p><strong>\u00c4n s\u00e5 l\u00e4nge g\u00e5r<\/strong> t\u00e5gen som de ska i s\u00f6dra Sverige, men SJ har st\u00e4llt in t\u00e5g p\u00e5 flera str\u00e4ckor p\u00e5 grund av vinterv\u00e4glaget. Avg\u00e5ngarna mellan Boden och Narvik \u00e4r helt inst\u00e4llda p\u00e5 grund av att temperaturen understiger 30 minusgrader.<\/p>\n<p>\u2013 Det kan vara farligt att k\u00f6ra t\u00e5g n\u00e4r det \u00e4r s\u00e5 kallt. Om det skulle h\u00e4nda n\u00e5got s\u00e5 blir det snabbt v\u00e4ldigt kallt i vagnarna, s\u00e4ger SJ:s presskommunikat\u00f6r Peter Krameus.<\/p>\n<p><strong>Efter klockan 10 p\u00e5 m\u00e5ndagen<\/strong> ska t\u00e5gen mellan Stockholm och Sundsvall \u00e5ter vara i g\u00e5ng, men under dagen har regionalt\u00e5gen mellan Link\u00f6ping och G\u00e4vle, samt Stockholm\u2013V\u00e4ster\u00e5s, st\u00e4llts in.<\/p>\n<p>\u2013 Trafikverket har inte hunnit med all sn\u00f6r\u00f6jning av sp\u00e5r och v\u00e4xlar p\u00e5 den str\u00e4ckan. Men resen\u00e4rer kan \u00e5ka med andra SJ-t\u00e5g som k\u00f6r f\u00f6rbi, till exempel SJ-snabbt\u00e5g, s\u00e4ger Peter Krameus.<\/p>\n<p>\u00c4ven i Stockholms lokaltrafik \u00e4r trafikl\u00e4get fortsatt besv\u00e4rligt p\u00e5 grund av det hala v\u00e4glaget. Flera busslinjer \u00e4r drabbade av stora st\u00f6rningar. L\u00e5nga f\u00f6rseningar eller inst\u00e4llda turer kan \u00e4ven f\u00f6rekomma p\u00e5 busslinjer i resten av l\u00e4net.<\/p>\n<p>Pendelt\u00e5g p\u00e5 linje 43, mot V\u00e4sterhaninge eller Kungs\u00e4ngen \u00e4r ocks\u00e5 inst\u00e4llda p\u00e5 grund av sn\u00f6- och isproblem.<\/p>\n","protected":false},"excerpt":{"rendered":"Gula v\u00e4dervarningar \u00e4r under m\u00e5ndagen utf\u00e4rdade f\u00f6r kraftigt sn\u00f6fall i s\u00f6dra Sverige. Varningarna omfattar \u00f6stra Svealand, Sk\u00e5ne, nord\u00f6stra&hellip;\n","protected":false},"author":2,"featured_media":126987,"comment_status":"","ping_status":"","sticky":false,"template":"","format":"standard","meta":{"footnotes":""},"categories":[12],"tags":[22,23,26,27,17,21,24,25,28,29,15,16,18,34,31,33,32,30,19,20],"class_list":{"0":"post-126986","1":"post","2":"type-post","3":"status-publish","4":"format-standard","5":"has-post-thumbnail","7":"category-sverige","8":"tag-breaking-news","9":"tag-breakingnews","10":"tag-featured-news","11":"tag-featurednews","12":"tag-headlines","13":"tag-huvudnyheter","14":"tag-latest-news","15":"tag-latestnews","16":"tag-main-news","17":"tag-mainnews","18":"tag-news","19":"tag-nyheter","20":"tag-rubriker","21":"tag-se","22":"tag-svenska","23":"tag-sverige","24":"tag-sweden","25":"tag-swedish","26":"tag-top-stories","27":"tag-topstories"},"share_on_mastodon":{"url":"https:\/\/pubeurope.com\/@se\/115846498366052800","error":""},"_links":{"self":[{"href":"https:\/\/www.europesays.com\/se\/wp-json\/wp\/v2\/posts\/126986","targetHints":{"allow":["GET"]}}],"collection":[{"href":"https:\/\/www.europesays.com\/se\/wp-json\/wp\/v2\/posts"}],"about":[{"href":"https:\/\/www.europesays.com\/se\/wp-json\/wp\/v2\/types\/post"}],"author":[{"embeddable":true,"href":"https:\/\/www.europesays.com\/se\/wp-json\/wp\/v2\/users\/2"}],"replies":[{"embeddable":true,"href":"https:\/\/www.europesays.com\/se\/wp-json\/wp\/v2\/comments?post=126986"}],"version-history":[{"count":0,"href":"https:\/\/www.europesays.com\/se\/wp-json\/wp\/v2\/posts\/126986\/revisions"}],"wp:featuredmedia":[{"embeddable":true,"href":"https:\/\/www.europesays.com\/se\/wp-json\/wp\/v2\/media\/126987"}],"wp:attachment":[{"href":"https:\/\/www.europesays.com\/se\/wp-json\/wp\/v2\/media?parent=126986"}],"wp:term":[{"taxonomy":"category","embeddable":true,"href":"https:\/\/www.europesays.com\/se\/wp-json\/wp\/v2\/categories?post=126986"},{"taxonomy":"post_tag","embeddable":true,"href":"https:\/\/www.europesays.com\/se\/wp-json\/wp\/v2\/tags?post=126986"}],"curies":[{"name":"wp","href":"https:\/\/api.w.org\/{rel}","templated":true}]}}