{"id":126988,"date":"2026-01-06T05:30:07","date_gmt":"2026-01-06T05:30:07","guid":{"rendered":"https:\/\/www.europesays.com\/se\/126988\/"},"modified":"2026-01-06T05:30:07","modified_gmt":"2026-01-06T05:30:07","slug":"emily-in-paris-far-en-sjatte-sasong","status":"publish","type":"post","link":"https:\/\/www.europesays.com\/se\/126988\/","title":{"rendered":"\u201dEmily in Paris\u201d f\u00e5r en sj\u00e4tte s\u00e4song"},"content":{"rendered":"<p>Emily Cooper f\u00e5r stanna i Paris ett tag till \u2013 Netflix har f\u00f6rnyat \u201dEmily in Paris\u201d f\u00f6r en sj\u00e4tte s\u00e4song. Det bekr\u00e4ftar streamingj\u00e4tten i en video d\u00e4r sk\u00e5despelaren Lily Collins, som spelar Emily, bl\u00e5ser ut ett ljus i form av siffran sex.<\/p>\n<p>Den romantiska komediserien hade premi\u00e4r p\u00e5 Netflix 2020 och blev snabbt en av de mest popul\u00e4ra serierna p\u00e5 plattformen. S\u00e4song 5 sl\u00e4pptes f\u00f6r tv\u00e5 veckor sedan och str\u00f6mmades 13,5 miljoner g\u00e5nger de f\u00f6rsta fyra dagarna. <\/p>\n<p>Omni \u00e4r politiskt obundna och oberoende. Vi str\u00e4var efter att ge fler perspektiv p\u00e5 nyheterna. Har du fr\u00e5gor eller synpunkter kring v\u00e5r rapportering? <a href=\"https:\/\/omni.se\/netflix-emily-in-paris-far-en-sjatte-sasong\/a\/mailto:redaktion@omni.se\" class=\"ArticleActions_contactLink__W2F1M\" rel=\"nofollow noopener\" target=\"_blank\">Kontakta redaktionen<\/a><\/p>\n","protected":false},"excerpt":{"rendered":"Emily Cooper f\u00e5r stanna i Paris ett tag till \u2013 Netflix har f\u00f6rnyat \u201dEmily in Paris\u201d f\u00f6r en&hellip;\n","protected":false},"author":2,"featured_media":126989,"comment_status":"","ping_status":"","sticky":false,"template":"","format":"standard","meta":{"footnotes":""},"categories":[67],"tags":[13178,104,168,13177,2399,34,31,33,32,30,105],"class_list":{"0":"post-126988","1":"post","2":"type-post","3":"status-publish","4":"format-standard","5":"has-post-thumbnail","7":"category-underhallning","8":"tag-emily-in-paris-tv-serie","9":"tag-entertainment","10":"tag-film-tv","11":"tag-lily-collins","12":"tag-netflix","13":"tag-se","14":"tag-svenska","15":"tag-sverige","16":"tag-sweden","17":"tag-swedish","18":"tag-underhallning"},"share_on_mastodon":{"url":"https:\/\/pubeurope.com\/@se\/115846514140247740","error":""},"_links":{"self":[{"href":"https:\/\/www.europesays.com\/se\/wp-json\/wp\/v2\/posts\/126988","targetHints":{"allow":["GET"]}}],"collection":[{"href":"https:\/\/www.europesays.com\/se\/wp-json\/wp\/v2\/posts"}],"about":[{"href":"https:\/\/www.europesays.com\/se\/wp-json\/wp\/v2\/types\/post"}],"author":[{"embeddable":true,"href":"https:\/\/www.europesays.com\/se\/wp-json\/wp\/v2\/users\/2"}],"replies":[{"embeddable":true,"href":"https:\/\/www.europesays.com\/se\/wp-json\/wp\/v2\/comments?post=126988"}],"version-history":[{"count":0,"href":"https:\/\/www.europesays.com\/se\/wp-json\/wp\/v2\/posts\/126988\/revisions"}],"wp:featuredmedia":[{"embeddable":true,"href":"https:\/\/www.europesays.com\/se\/wp-json\/wp\/v2\/media\/126989"}],"wp:attachment":[{"href":"https:\/\/www.europesays.com\/se\/wp-json\/wp\/v2\/media?parent=126988"}],"wp:term":[{"taxonomy":"category","embeddable":true,"href":"https:\/\/www.europesays.com\/se\/wp-json\/wp\/v2\/categories?post=126988"},{"taxonomy":"post_tag","embeddable":true,"href":"https:\/\/www.europesays.com\/se\/wp-json\/wp\/v2\/tags?post=126988"}],"curies":[{"name":"wp","href":"https:\/\/api.w.org\/{rel}","templated":true}]}}