{"id":127000,"date":"2026-01-06T05:43:07","date_gmt":"2026-01-06T05:43:07","guid":{"rendered":"https:\/\/www.europesays.com\/se\/127000\/"},"modified":"2026-01-06T05:43:07","modified_gmt":"2026-01-06T05:43:07","slug":"guld-i-jvm-en-dromstart-pa-aret","status":"publish","type":"post","link":"https:\/\/www.europesays.com\/se\/127000\/","title":{"rendered":"Guld i JVM \u2013 en dr\u00f6mstart p\u00e5 \u00e5ret"},"content":{"rendered":"<p>Detta \u00e4r en kr\u00f6nika. Eventuella \u00e5sikter som uttrycks \u00e4r skribentens egna.<\/p>\n<p>Det f\u00f6rsta kom 1981. Det andra 2012. Tidigt p\u00e5 morgonen, svensk tid, spelade Sverige hem guld nummer tre i junior-VM i ishockey. Ivar Stenberg satte pucken i tom kasse till 4\u20132 f\u00f6r Sverige n\u00e4r Tjeckien jagade kvittering i slutskedet, efter att i en vild forcering reducerat till b\u00e5de 3\u20131 och 3\u20132 och skapat nerv i finalen.\u00a0<\/p>\n","protected":false},"excerpt":{"rendered":"Detta \u00e4r en kr\u00f6nika. Eventuella \u00e5sikter som uttrycks \u00e4r skribentens egna. Det f\u00f6rsta kom 1981. Det andra 2012.&hellip;\n","protected":false},"author":2,"featured_media":127001,"comment_status":"","ping_status":"","sticky":false,"template":"","format":"standard","meta":{"footnotes":""},"categories":[5],"tags":[22,23,26,27,17,21,24,25,28,29,15,16,18,34,31,33,32,30,19,20],"class_list":{"0":"post-127000","1":"post","2":"type-post","3":"status-publish","4":"format-standard","5":"has-post-thumbnail","7":"category-rubriker","8":"tag-breaking-news","9":"tag-breakingnews","10":"tag-featured-news","11":"tag-featurednews","12":"tag-headlines","13":"tag-huvudnyheter","14":"tag-latest-news","15":"tag-latestnews","16":"tag-main-news","17":"tag-mainnews","18":"tag-news","19":"tag-nyheter","20":"tag-rubriker","21":"tag-se","22":"tag-svenska","23":"tag-sverige","24":"tag-sweden","25":"tag-swedish","26":"tag-top-stories","27":"tag-topstories"},"share_on_mastodon":{"url":"https:\/\/pubeurope.com\/@se\/115846565200619587","error":""},"_links":{"self":[{"href":"https:\/\/www.europesays.com\/se\/wp-json\/wp\/v2\/posts\/127000","targetHints":{"allow":["GET"]}}],"collection":[{"href":"https:\/\/www.europesays.com\/se\/wp-json\/wp\/v2\/posts"}],"about":[{"href":"https:\/\/www.europesays.com\/se\/wp-json\/wp\/v2\/types\/post"}],"author":[{"embeddable":true,"href":"https:\/\/www.europesays.com\/se\/wp-json\/wp\/v2\/users\/2"}],"replies":[{"embeddable":true,"href":"https:\/\/www.europesays.com\/se\/wp-json\/wp\/v2\/comments?post=127000"}],"version-history":[{"count":0,"href":"https:\/\/www.europesays.com\/se\/wp-json\/wp\/v2\/posts\/127000\/revisions"}],"wp:featuredmedia":[{"embeddable":true,"href":"https:\/\/www.europesays.com\/se\/wp-json\/wp\/v2\/media\/127001"}],"wp:attachment":[{"href":"https:\/\/www.europesays.com\/se\/wp-json\/wp\/v2\/media?parent=127000"}],"wp:term":[{"taxonomy":"category","embeddable":true,"href":"https:\/\/www.europesays.com\/se\/wp-json\/wp\/v2\/categories?post=127000"},{"taxonomy":"post_tag","embeddable":true,"href":"https:\/\/www.europesays.com\/se\/wp-json\/wp\/v2\/tags?post=127000"}],"curies":[{"name":"wp","href":"https:\/\/api.w.org\/{rel}","templated":true}]}}