{"id":127023,"date":"2026-01-06T06:18:09","date_gmt":"2026-01-06T06:18:09","guid":{"rendered":"https:\/\/www.europesays.com\/se\/127023\/"},"modified":"2026-01-06T06:18:09","modified_gmt":"2026-01-06T06:18:09","slug":"insandare-ta-ut-gladjen-i-forskott-forskarnas-rad-for-ett-lyckligare-liv","status":"publish","type":"post","link":"https:\/\/www.europesays.com\/se\/127023\/","title":{"rendered":"Ins\u00e4ndare: Ta ut gl\u00e4djen i f\u00f6rskott \u2013 forskarnas r\u00e5d f\u00f6r ett lyckligare liv"},"content":{"rendered":"<p class=\"break-words mb-4 mx-auto max-w-xl\">Hur lycklig \u00e4r du?<\/p>\n<p class=\"break-words mb-4 mx-auto max-w-xl\">Det \u00e4r en fr\u00e5ga som s\u00e4llan st\u00e4lls rakt ut, men som ofta smyger sig p\u00e5 n\u00e4r ledigheterna \u00e4r slut. N\u00e4r kalendern fylls igen, mejlen tickar in och vardagen tar plats. D\u00e5 \u00e4r det l\u00e4tt att t\u00e4nka att lyckan h\u00f6r semestern till \u2013 att den f\u00e5r v\u00e4nta till n\u00e4sta ledighet, n\u00e4sta helg, n\u00e4sta paus.<\/p>\n<p class=\"break-words mb-4 mx-auto max-w-xl\">Men t\u00e4nk om vi har t\u00e4nkt fel.<\/p>\n<p class=\"break-words mb-4 mx-auto max-w-xl\">Lycka g\u00e5r n\u00e4mligen inte att j\u00e4mf\u00f6ra. Den l\u00e5ter sig inte m\u00e4tas p\u00e5 samma skala f\u00f6r alla. Den \u00e4r personlig, formad av v\u00e5ra erfarenheter, v\u00e5r vardag och v\u00e5ra dr\u00f6mmar. Det som g\u00f6r mig glad kanske inte betyder n\u00e5gonting f\u00f6r dig \u2013 och det \u00e4r helt i sin ordning.<\/p>\n<p class=\"break-words mb-4 mx-auto max-w-xl\">Forskare menar att lycka ofta b\u00f6rjar l\u00e5ngt innan n\u00e5got faktiskt h\u00e4nder. Den t\u00e4nds i samma stund som vi b\u00f6rjar t\u00e4nka p\u00e5 s\u00e5dant vi ser fram emot. Michael Dahl\u00e9n, ekonomiprofessor och lyckoforskare, visar att m\u00e4nniskor ofta k\u00e4nner sig som lyckligast p\u00e5 fredagar. Inte f\u00f6r att helgen har b\u00f6rjat, utan f\u00f6r att f\u00f6rv\u00e4ntan har gjort det. Vi t\u00e4nker p\u00e5 middagen, vilan, m\u00f6tet med v\u00e4nnerna eller promenaden vi l\u00e4ngtar efter. Paradoxalt nog sjunker lyckok\u00e4nslan ofta n\u00e4r helgen v\u00e4l \u00e4r h\u00e4r. F\u00f6rv\u00e4ntan byts mot genomf\u00f6rande.<\/p>\n<p class=\"break-words mb-4 mx-auto max-w-xl\">Det s\u00e4ger n\u00e5got viktigt om oss m\u00e4nniskor.<\/p>\n<p class=\"break-words mb-4 mx-auto max-w-xl\">Vi \u00e4r som lyckligast n\u00e4r vi upplever frihet. Friheten att v\u00e4lja tempo, inneh\u00e5ll och riktning. Friheten att g\u00f6ra det vi annars inte hinner. D\u00e4rf\u00f6r kan ett enkelt, men kraftfullt r\u00e5d vara att ta ut gl\u00e4djen i f\u00f6rskott. Att redan nu njuta av det du ser fram emot. Smaka p\u00e5 k\u00e4nslan och l\u00e5t den stanna kvar lite l\u00e4ngre. Forskning visar att m\u00e4nniskor som t\u00e4nker mer positivt om framtiden ocks\u00e5, i genomsnitt, \u00e4r lite lyckligare.<\/p>\n<p class=\"break-words mb-4 mx-auto max-w-xl\">Men h\u00e4r kommer kanske den viktigaste po\u00e4ngen \u2013 s\u00e4rskilt nu n\u00e4r vardagen drar i g\u00e5ng igen.<\/p>\n<p class=\"break-words mb-4 mx-auto max-w-xl\">Lycka handlar inte om att pressa in fler roliga aktiviteter i livet. Den v\u00e4xer inte av ett fullare schema, utan av st\u00f6rre n\u00e4rvaro. Det handlar om att till\u00e5ta sig sj\u00e4lv att verkligen njuta av det man redan g\u00f6r. Och att fira.<\/p>\n<p class=\"break-words mb-4 mx-auto max-w-xl\">Forskningen visar att n\u00e4r vi firar s\u00e5 att det syns, n\u00e4r gl\u00e4djen f\u00e5r ta plats och uttryckas, d\u00e5 f\u00f6rst\u00e4rks k\u00e4nslan. Inte bara hos oss sj\u00e4lva, utan ocks\u00e5 hos m\u00e4nniskorna runt omkring oss. Ett firande beh\u00f6ver inte vara stort eller p\u00e5kostat. Det kan vara ett leende, en gest, ett \u201dbra jobbat\u201d eller en high-five. Sm\u00e5 uttryck \u2013 stor effekt. N\u00e4r gl\u00e4dje delas blir den starkare. Den smittar.<\/p>\n<p class=\"break-words mb-4 mx-auto max-w-xl\">Forskare menar ocks\u00e5 att vi beh\u00f6ver grotta ner oss i k\u00e4nslan. Att verkligen k\u00e4nna efter n\u00e4r n\u00e5got k\u00e4nns bra. Att njuta av sm\u00e5saker \u00e4r inte oviktigt \u2013 det \u00e4r avg\u00f6rande f\u00f6r hur vi upplever v\u00e5r vardag. N\u00e4r n\u00e5got g\u00f6r dig glad, stanna upp en stund. K\u00e4nn efter. S\u00e4tt ord p\u00e5 k\u00e4nslan, om s\u00e5 bara f\u00f6r dig sj\u00e4lv.<\/p>\n<p class=\"break-words mb-4 mx-auto max-w-xl\">Ett konkret s\u00e4tt att g\u00f6ra detta \u00e4r att f\u00f6ra dagbok \u00f6ver n\u00e4r du firar din lycka. Och nej \u2013 det beh\u00f6ver inte handla om stord\u00e5d. Det kan vara att du \u00e4ntligen svarade p\u00e5 det d\u00e4r surdegsmejlet som legat och v\u00e4ntat alldeles f\u00f6r l\u00e4nge. Att ett m\u00f6te gick smidigare \u00e4n v\u00e4ntat. Att du tog en paus utan d\u00e5ligt samvete.<\/p>\n<p class=\"break-words mb-4 mx-auto max-w-xl\">N\u00e4r m\u00e4nniskor v\u00e4njer sig vid att k\u00e4nna lycka, \u00e4ven i det lilla, stiger lyckoniv\u00e5n faktiskt n\u00e5got \u00f6ver tid. Och det stannar inte d\u00e4r. Lycka sprider sig. N\u00e4r du till\u00e5ter dig sj\u00e4lv att vara glad p\u00e5verkar du ocks\u00e5 din omgivning \u2013 p\u00e5 jobbet, i familjen, i samh\u00e4llet. Ett leende, ett skratt, en k\u00e4nsla av l\u00e4ttnad smittar snabbare \u00e4n vi tror.<\/p>\n<p class=\"break-words mb-4 mx-auto max-w-xl\">T\u00e4nk dig en arbetsplats d\u00e4r n\u00e5gon ger en high-five efter varje m\u00f6te. Det l\u00e5ter kanske banalt. Men det skapar fler leenden, mer v\u00e4rme och en k\u00e4nsla av gemenskap. Sm\u00e5 handlingar kan f\u00f6r\u00e4ndra st\u00e4mningen i ett helt rum.<\/p>\n<p class=\"break-words mb-4 mx-auto max-w-xl\">N\u00e4r vardagen nu tar \u00f6ver igen, kanske det \u00e4r dags att sluta v\u00e4nta p\u00e5 lyckan. Den \u00e4r s\u00e4llan dramatisk. Den \u00e4r l\u00e5gm\u00e4ld, vardaglig och ofta redan n\u00e4rvarande. Den v\u00e4ntar inte p\u00e5 att livet ska bli perfekt.<\/p>\n<p class=\"break-words mb-4 mx-auto max-w-xl\">Den v\u00e4ntar p\u00e5 att du ska l\u00e4gga m\u00e4rke till den.<\/p>\n<p class=\"break-words mb-4 mx-auto max-w-xl\">Fira den.<\/p>\n<p class=\"break-words mb-4 mx-auto max-w-xl\">Och l\u00e5ta den f\u00e5 ta plats.<\/p>\n<p>Katarina Ikonen<\/p>\n<p class=\"break-words mb-4 mx-auto max-w-xl\">organisationskonsult<\/p>\n","protected":false},"excerpt":{"rendered":"Hur lycklig \u00e4r du? Det \u00e4r en fr\u00e5ga som s\u00e4llan st\u00e4lls rakt ut, men som ofta smyger sig&hellip;\n","protected":false},"author":2,"featured_media":127024,"comment_status":"","ping_status":"","sticky":false,"template":"","format":"standard","meta":{"footnotes":""},"categories":[67],"tags":[104,34,31,33,32,30,105],"class_list":{"0":"post-127023","1":"post","2":"type-post","3":"status-publish","4":"format-standard","5":"has-post-thumbnail","7":"category-underhallning","8":"tag-entertainment","9":"tag-se","10":"tag-svenska","11":"tag-sverige","12":"tag-sweden","13":"tag-swedish","14":"tag-underhallning"},"share_on_mastodon":{"url":"https:\/\/pubeurope.com\/@se\/115846702852536051","error":""},"_links":{"self":[{"href":"https:\/\/www.europesays.com\/se\/wp-json\/wp\/v2\/posts\/127023","targetHints":{"allow":["GET"]}}],"collection":[{"href":"https:\/\/www.europesays.com\/se\/wp-json\/wp\/v2\/posts"}],"about":[{"href":"https:\/\/www.europesays.com\/se\/wp-json\/wp\/v2\/types\/post"}],"author":[{"embeddable":true,"href":"https:\/\/www.europesays.com\/se\/wp-json\/wp\/v2\/users\/2"}],"replies":[{"embeddable":true,"href":"https:\/\/www.europesays.com\/se\/wp-json\/wp\/v2\/comments?post=127023"}],"version-history":[{"count":0,"href":"https:\/\/www.europesays.com\/se\/wp-json\/wp\/v2\/posts\/127023\/revisions"}],"wp:featuredmedia":[{"embeddable":true,"href":"https:\/\/www.europesays.com\/se\/wp-json\/wp\/v2\/media\/127024"}],"wp:attachment":[{"href":"https:\/\/www.europesays.com\/se\/wp-json\/wp\/v2\/media?parent=127023"}],"wp:term":[{"taxonomy":"category","embeddable":true,"href":"https:\/\/www.europesays.com\/se\/wp-json\/wp\/v2\/categories?post=127023"},{"taxonomy":"post_tag","embeddable":true,"href":"https:\/\/www.europesays.com\/se\/wp-json\/wp\/v2\/tags?post=127023"}],"curies":[{"name":"wp","href":"https:\/\/api.w.org\/{rel}","templated":true}]}}