{"id":127025,"date":"2026-01-06T06:20:10","date_gmt":"2026-01-06T06:20:10","guid":{"rendered":"https:\/\/www.europesays.com\/se\/127025\/"},"modified":"2026-01-06T06:20:10","modified_gmt":"2026-01-06T06:20:10","slug":"kakaopriserna-rasar-varfor-ar-choklad-anda-sa-dyrt","status":"publish","type":"post","link":"https:\/\/www.europesays.com\/se\/127025\/","title":{"rendered":"Kakaopriserna rasar \u2013 varf\u00f6r \u00e4r choklad \u00e4nd\u00e5 s\u00e5 dyrt?"},"content":{"rendered":"<p>Kakaopriset har fallit kraftigt det senaste \u00e5ret, men choklad i butik har \u00e4nnu inte blivit m\u00e4rkbart billigare. F\u00f6rklaringen \u00e4r att tillverkarna fortfarande sitter p\u00e5 dyra lager och\u2026<\/p>\n<p>After last year\u2019s historic rally, cocoa prices are\u2026<\/p>\n<p>Omni \u00e4r politiskt obundna och oberoende. Vi str\u00e4var efter att ge fler perspektiv p\u00e5 nyheterna. Har du fr\u00e5gor eller synpunkter kring v\u00e5r rapportering? <a href=\"https:\/\/omni.se\/kakaopriserna-rasar-varfor-ar-choklad-anda-sa-dyrt\/a\/mailto:mer@omni.se\" class=\"ArticleActions_contactLink__W2F1M\" rel=\"nofollow noopener\" target=\"_blank\">Kontakta redaktionen<\/a><\/p>\n","protected":false},"excerpt":{"rendered":"Kakaopriset har fallit kraftigt det senaste \u00e5ret, men choklad i butik har \u00e4nnu inte blivit m\u00e4rkbart billigare. F\u00f6rklaringen&hellip;\n","protected":false},"author":2,"featured_media":127026,"comment_status":"","ping_status":"","sticky":false,"template":"","format":"standard","meta":{"footnotes":""},"categories":[65],"tags":[2193,72,70,71,5037,34,31,33,32,30],"class_list":{"0":"post-127025","1":"post","2":"type-post","3":"status-publish","4":"format-standard","5":"has-post-thumbnail","7":"category-ekonomi","8":"tag-omni-mer","9":"tag-business","10":"tag-economy","11":"tag-ekonomi","12":"tag-omni-mer-internationell-fordjupning","13":"tag-se","14":"tag-svenska","15":"tag-sverige","16":"tag-sweden","17":"tag-swedish"},"share_on_mastodon":{"url":"https:\/\/pubeurope.com\/@se\/115846710747799723","error":""},"_links":{"self":[{"href":"https:\/\/www.europesays.com\/se\/wp-json\/wp\/v2\/posts\/127025","targetHints":{"allow":["GET"]}}],"collection":[{"href":"https:\/\/www.europesays.com\/se\/wp-json\/wp\/v2\/posts"}],"about":[{"href":"https:\/\/www.europesays.com\/se\/wp-json\/wp\/v2\/types\/post"}],"author":[{"embeddable":true,"href":"https:\/\/www.europesays.com\/se\/wp-json\/wp\/v2\/users\/2"}],"replies":[{"embeddable":true,"href":"https:\/\/www.europesays.com\/se\/wp-json\/wp\/v2\/comments?post=127025"}],"version-history":[{"count":0,"href":"https:\/\/www.europesays.com\/se\/wp-json\/wp\/v2\/posts\/127025\/revisions"}],"wp:featuredmedia":[{"embeddable":true,"href":"https:\/\/www.europesays.com\/se\/wp-json\/wp\/v2\/media\/127026"}],"wp:attachment":[{"href":"https:\/\/www.europesays.com\/se\/wp-json\/wp\/v2\/media?parent=127025"}],"wp:term":[{"taxonomy":"category","embeddable":true,"href":"https:\/\/www.europesays.com\/se\/wp-json\/wp\/v2\/categories?post=127025"},{"taxonomy":"post_tag","embeddable":true,"href":"https:\/\/www.europesays.com\/se\/wp-json\/wp\/v2\/tags?post=127025"}],"curies":[{"name":"wp","href":"https:\/\/api.w.org\/{rel}","templated":true}]}}