{"id":127032,"date":"2026-01-06T06:28:37","date_gmt":"2026-01-06T06:28:37","guid":{"rendered":"https:\/\/www.europesays.com\/se\/127032\/"},"modified":"2026-01-06T06:28:37","modified_gmt":"2026-01-06T06:28:37","slug":"novo-nordisk-borjar-salja-wegovy-tablett-till-sjalvbetalande-patienter-i-usa","status":"publish","type":"post","link":"https:\/\/www.europesays.com\/se\/127032\/","title":{"rendered":"Novo Nordisk b\u00f6rjar s\u00e4lja Wegovy-tablett till sj\u00e4lvbetalande patienter i USA"},"content":{"rendered":"<p>&#13;<br \/>\n                        Novo Nordisk b\u00f6rjar med start i dag s\u00e4lja Wegovy i tablettform till sj\u00e4lvbetalande patienter i USA till priser fr\u00e5n 149 dollar per m\u00e5nad, rapporterar Reuters. <\/p>\n<p>Doserna p\u00e5 1,5 och 4 milligram priss\u00e4tts till 149 dollar per m\u00e5nad, medan de h\u00f6gsta doserna p\u00e5 9 och 25 milligram kostar 299 dollar per m\u00e5nad.<\/p>\n<p>Bolaget uppger att priset f\u00f6r 4 milligram h\u00f6js till 199 dollar per m\u00e5nad fr\u00e5n den 15 april. <\/p>\n<p>Den amerikanska l\u00e4kemedelsmyndigheten FDA gav tummen upp f\u00f6r tabletten den 22 december.&#13;\n                    <\/p>\n","protected":false},"excerpt":{"rendered":"&#13; Novo Nordisk b\u00f6rjar med start i dag s\u00e4lja Wegovy i tablettform till sj\u00e4lvbetalande patienter i USA till&hellip;\n","protected":false},"author":2,"featured_media":127033,"comment_status":"","ping_status":"","sticky":false,"template":"","format":"standard","meta":{"footnotes":""},"categories":[65],"tags":[72,70,71,454,453,451,452,34,31,33,32,30,455],"class_list":{"0":"post-127032","1":"post","2":"type-post","3":"status-publish","4":"format-standard","5":"has-post-thumbnail","7":"category-ekonomi","8":"tag-business","9":"tag-economy","10":"tag-ekonomi","11":"tag-ekonomisk-analys","12":"tag-finans","13":"tag-finansiella-nyheter","14":"tag-investera","15":"tag-se","16":"tag-svenska","17":"tag-sverige","18":"tag-sweden","19":"tag-swedish","20":"tag-trading"},"share_on_mastodon":{"url":"https:\/\/pubeurope.com\/@se\/115846742199233379","error":""},"_links":{"self":[{"href":"https:\/\/www.europesays.com\/se\/wp-json\/wp\/v2\/posts\/127032","targetHints":{"allow":["GET"]}}],"collection":[{"href":"https:\/\/www.europesays.com\/se\/wp-json\/wp\/v2\/posts"}],"about":[{"href":"https:\/\/www.europesays.com\/se\/wp-json\/wp\/v2\/types\/post"}],"author":[{"embeddable":true,"href":"https:\/\/www.europesays.com\/se\/wp-json\/wp\/v2\/users\/2"}],"replies":[{"embeddable":true,"href":"https:\/\/www.europesays.com\/se\/wp-json\/wp\/v2\/comments?post=127032"}],"version-history":[{"count":0,"href":"https:\/\/www.europesays.com\/se\/wp-json\/wp\/v2\/posts\/127032\/revisions"}],"wp:featuredmedia":[{"embeddable":true,"href":"https:\/\/www.europesays.com\/se\/wp-json\/wp\/v2\/media\/127033"}],"wp:attachment":[{"href":"https:\/\/www.europesays.com\/se\/wp-json\/wp\/v2\/media?parent=127032"}],"wp:term":[{"taxonomy":"category","embeddable":true,"href":"https:\/\/www.europesays.com\/se\/wp-json\/wp\/v2\/categories?post=127032"},{"taxonomy":"post_tag","embeddable":true,"href":"https:\/\/www.europesays.com\/se\/wp-json\/wp\/v2\/tags?post=127032"}],"curies":[{"name":"wp","href":"https:\/\/api.w.org\/{rel}","templated":true}]}}