{"id":127036,"date":"2026-01-06T06:35:10","date_gmt":"2026-01-06T06:35:10","guid":{"rendered":"https:\/\/www.europesays.com\/se\/127036\/"},"modified":"2026-01-06T06:35:10","modified_gmt":"2026-01-06T06:35:10","slug":"ciara-jansons-arliga-ord-om-tuffa-tiden-brutalt","status":"publish","type":"post","link":"https:\/\/www.europesays.com\/se\/127036\/","title":{"rendered":"Ciara Jansons \u00e4rliga ord om tuffa tiden: Brutalt"},"content":{"rendered":"<p>Publicerad 6 jan 2026 kl 07.00Uppdaterad kl 07.13<\/p>\n<p>Efter skilsm\u00e4ssan fr\u00e5n M\u00e5ns Zelmerl\u00f6w och flytten tillbaka till England:<\/p>\n<p>Nu ser Ciara Janson fram\u00e5t.<\/p>\n<p>\u201d2025 var brutalt\u201d, skriver hon p\u00e5 Instagram.<\/p>\n<p><img   alt=\"\"\/> <\/p>\n<p>Foto: Linus Bj\u00f6rkestedt<\/p>\n<p>\u00d6ppna bild i helsk\u00e4rm<img loading=\"lazy\"   alt=\"\"\/><\/p>\n<p>M\u00e5ns Zelmerl\u00f6w i r\u00e4tten i april.<\/p>\n<p>Foto: LISA MATTISSON<\/p>\n<p>\u00d6ppna bild i helsk\u00e4rm<img loading=\"lazy\"   alt=\"\"\/><\/p>\n<p>Ciara Janson.<\/p>\n<p>Foto: LISA MATTISSON<\/p>\n<p>\u00d6ppna bild i helsk\u00e4rm<\/p>\n<p>2025 var ett minst sagt stormigt \u00e5r f\u00f6r M\u00e5ns Zelmerl\u00f6w, 39, och <a href=\"https:\/\/www.expressen.se\/tagg\/person\/ciara-janson\/\" class=\"\" rel=\"nofollow noopener\" target=\"_blank\">Ciara Janson<\/a>, 38.<\/p>\n<p>Paret skilde sig och Ciara gick till domstol f\u00f6r att f\u00e5 <a href=\"https:\/\/www.expressen.se\/noje\/tingsratten-ger-ciara-janson-ratt-i-tvisten-med-mans-zelmerlow\/\" rel=\"nofollow noopener\" target=\"_blank\">ta med sig deras barn<\/a> till England. Hon anm\u00e4lde ocks\u00e5 M\u00e5ns Zelmerl\u00f6w f\u00f6r misshandel, men den utredningen <a href=\"https:\/\/www.expressen.se\/noje\/utredningen-om-misshandel-laggs-ner\/\" rel=\"nofollow noopener\" target=\"_blank\">lades ner.<\/a><\/p>\n<p>Zelmerl\u00f6w ber\u00e4ttade i en intervju med G\u00f6teborgs-Posten om sitt kokainbruk.<\/p>\n<p>\u2013 Jag har varit emot droger hela mitt liv men f\u00f6r tv\u00e5 \u00e5r sedan d\u00f6k det upp i turn\u00e9bussen. \u201dAlla andra\u201d gjorde det, sa han i en intervju med GP.<\/p>\n<p>Under sommaren bes\u00f6kte Zelmerl\u00f6w ett retreat i Dalarna.<\/p>\n<p>\u2013 Det var ett s\u00e4tt att hantera en m\u00f6rk period, men det jag verkligen beh\u00f6vde var att g\u00e5 in\u00e5t, sa han till <a href=\"https:\/\/www.hd.se\/bastad\/zelmerlow-oppnar-ny-bar-i-bastad-det-ar-latt-att-fastna-i-det-morka\/\" rel=\"nofollow noopener\" target=\"_blank\">Helsingborgs dagblad<\/a>.<\/p>\n<p>\u201dVar brutalt\u201d<\/p>\n<p>Under h\u00f6sten gjorde han comeback p\u00e5 scenen, bland annat med en spelning p\u00e5 en festival i Amsterdam.<\/p>\n<p>\u2013 En underbar kv\u00e4ll! Det h\u00e4r \u00e4r s\u00e5 speciellt f\u00f6r mig, sa han p\u00e5 <a href=\"https:\/\/www.expressen.se\/noje\/mans-zelmerlow-tillbaka-pa-stora-scenen-\/\" rel=\"nofollow noopener\" target=\"_blank\">festivalens Instagram<\/a>.<\/p>\n<p>Nu skriver Ciara Janson p\u00e5 Instagram:<\/p>\n<p>\u201d2025 var brutalt, men hade ocks\u00e5 stunder v\u00e4rda att minnas. Jag beh\u00e5ller det fina och l\u00e4mnar resten bakom mig. V\u00e4lkommen 2026\u201d, skriver hon till ett antal bilder p\u00e5 henne tillsammans med familj och v\u00e4nner.<\/p>\n<p><a href=\"https:\/\/www.instagram.com\/p\/DS-n_A9gLQH\/?img_index=17?hidecaption=true\" data-provider=\"instagram\" class=\"js-social-embed\" rel=\"nofollow noopener\" target=\"_blank\">https:\/\/www.instagram.com\/p\/DS-n_A9gLQH\/?img_index=17?hidecaption=true<\/a><script async src=\"\/\/www.instagram.com\/embed.js\"><\/script><\/p>\n","protected":false},"excerpt":{"rendered":"Publicerad 6 jan 2026 kl 07.00Uppdaterad kl 07.13 Efter skilsm\u00e4ssan fr\u00e5n M\u00e5ns Zelmerl\u00f6w och flytten tillbaka till England:&hellip;\n","protected":false},"author":2,"featured_media":127037,"comment_status":"","ping_status":"","sticky":false,"template":"","format":"standard","meta":{"footnotes":""},"categories":[67],"tags":[104,509,508,34,31,33,32,30,402,310,105],"class_list":{"0":"post-127036","1":"post","2":"type-post","3":"status-publish","4":"format-standard","5":"has-post-thumbnail","7":"category-underhallning","8":"tag-entertainment","9":"tag-person-ciara-janson","10":"tag-person-mans-zelmerlow","11":"tag-se","12":"tag-svenska","13":"tag-sverige","14":"tag-sweden","15":"tag-swedish","16":"tag-topic-artister","17":"tag-topic-kandisar","18":"tag-underhallning"},"share_on_mastodon":{"url":"https:\/\/pubeurope.com\/@se\/115846769743100582","error":""},"_links":{"self":[{"href":"https:\/\/www.europesays.com\/se\/wp-json\/wp\/v2\/posts\/127036","targetHints":{"allow":["GET"]}}],"collection":[{"href":"https:\/\/www.europesays.com\/se\/wp-json\/wp\/v2\/posts"}],"about":[{"href":"https:\/\/www.europesays.com\/se\/wp-json\/wp\/v2\/types\/post"}],"author":[{"embeddable":true,"href":"https:\/\/www.europesays.com\/se\/wp-json\/wp\/v2\/users\/2"}],"replies":[{"embeddable":true,"href":"https:\/\/www.europesays.com\/se\/wp-json\/wp\/v2\/comments?post=127036"}],"version-history":[{"count":0,"href":"https:\/\/www.europesays.com\/se\/wp-json\/wp\/v2\/posts\/127036\/revisions"}],"wp:featuredmedia":[{"embeddable":true,"href":"https:\/\/www.europesays.com\/se\/wp-json\/wp\/v2\/media\/127037"}],"wp:attachment":[{"href":"https:\/\/www.europesays.com\/se\/wp-json\/wp\/v2\/media?parent=127036"}],"wp:term":[{"taxonomy":"category","embeddable":true,"href":"https:\/\/www.europesays.com\/se\/wp-json\/wp\/v2\/categories?post=127036"},{"taxonomy":"post_tag","embeddable":true,"href":"https:\/\/www.europesays.com\/se\/wp-json\/wp\/v2\/tags?post=127036"}],"curies":[{"name":"wp","href":"https:\/\/api.w.org\/{rel}","templated":true}]}}