{"id":127040,"date":"2026-01-06T06:44:19","date_gmt":"2026-01-06T06:44:19","guid":{"rendered":"https:\/\/www.europesays.com\/se\/127040\/"},"modified":"2026-01-06T06:44:19","modified_gmt":"2026-01-06T06:44:19","slug":"linnea-henriksson-slapper-nytt-album-om-karleksskav","status":"publish","type":"post","link":"https:\/\/www.europesays.com\/se\/127040\/","title":{"rendered":"Linnea Henriksson sl\u00e4pper nytt album om k\u00e4rleksskav"},"content":{"rendered":"<p>Publicerad 6 jan 2026 kl 07.38<\/p>\n<p>N\u00e4r livet har stannat upp kan k\u00e4rleken ibland k\u00e4nnas som en obekv\u00e4m tr\u00f6ja.\u00a0<\/p>\n<p>P\u00e5 sitt femte album \u201dDu &amp; jag &amp; mera tid\u201d djupdyker Linnea Henriksson i en stagnerad relation.<\/p>\n<p>Senaste n\u00f6jesklippen fr\u00e5n Expressen.<img   alt=\"\"\/><\/p>\n<p>Linnea Henriksson \u00e4r aktuell med en ny skiva.<\/p>\n<p>Foto: OLLE SPORRONG<\/p>\n<p>\u00d6ppna bild i helsk\u00e4rm<\/p>\n<p>Albumjaget befinner sig mitt i livet med sin partner. De har varit tillsammans l\u00e4nge, sm\u00e5barns\u00e5ren har passerat och de \u00e4r inte alltid tokf\u00f6r\u00e4lskade i varandra.<\/p>\n<p>I l\u00e5ten \u201dSommarkatt\u201d fr\u00e5n nya albumet sjunger <a href=\"https:\/\/www.expressen.se\/tagg\/person\/linnea-henriksson\/\" class=\"\" rel=\"nofollow noopener\" target=\"_blank\">Linnea Henriksson<\/a> \u201dJag har din tr\u00f6ja p\u00e5 och den br\u00e4nner mot huden\u201d.\u00a0<\/p>\n<p>\u2013 Det \u00e4r r\u00e4tt privat att v\u00e4rma sig i n\u00e5gon annans tr\u00f6ja och om man inte \u00e4r synkade i relationen kan det n\u00e4stan k\u00e4nnas som en l\u00f6gn och vara hemskt att ha p\u00e5 sig, s\u00e4ger Linnea Henriksson.<\/p>\n<p>Stanna upp<\/p>\n<p>Albumet \u00e4r en forts\u00e4ttning p\u00e5 det sj\u00e4lvbetitlade \u201dLinnea Henriksson\u201d, fr\u00e5n 2017, som avslutades med en l\u00e5t om l\u00e4ngtan efter att bilda familj och f\u00e5 vara stilla.<\/p>\n<p>\u2013 Jag har f\u00e5tt mitt livs stora gl\u00e4dje \u2013 jag kunde bli gravid och f\u00f6da mitt barn. Pl\u00f6tsligt \u00e4r jag n\u00e5gra \u00e5r inne i det och har inte riktigt stannat upp och fattat det, s\u00e4ger hon.<\/p>\n<p>\u201dDu &amp; jag &amp; mera tid\u201d handlar om k\u00e4nslan om att livet och relationen stannat upp, men ocks\u00e5 om att komma till insikten att det inte beh\u00f6ver vara n\u00e5got d\u00e5ligt.<\/p>\n<p>\u2013 Grundtemat i albumet \u00e4r att allt kommer l\u00f6sa sig om \u201ddu och jag har mer tid,\u201d s\u00e4ger hon.<\/p>\n<p>Romantisk komedi<\/p>\n<p>\u00c4ven om albumet bygger p\u00e5 personliga erfarenheter beskriver Linnea Henriksson det som ett konceptalbum d\u00e4r hon leker med ett \u201dromantisk komedi-tema\u201d. P\u00e5 omslaget till \u201dDu &amp; jag &amp; mera tid\u201d kl\u00e4nger hon p\u00e5 sin pojkv\u00e4n, som \u00e4r v\u00e4nd bort fr\u00e5n kameran.<\/p>\n<p>\u2013 Han \u00e4r med p\u00e5 omslaget fr\u00e5n perspektivet som han f\u00e5r vara med i min musik: att det alltid \u00e4r jag som \u00e4r i centrum och kl\u00e4nger.<\/p>\n<p>Linnea Henrikssons partner, Wille Alin, har varit med och skrivit en del av musiken p\u00e5 albumet.<\/p>\n<p>\u2013 Det var v\u00e4ldigt speciellt att s\u00e4ga: \u201dDu, kan du l\u00e4gga lite gitarr p\u00e5 l\u00e5ten som handlar om att du inte lyssnar p\u00e5 mig\u201d. Samtidigt har samarbetet fungerat som en kreativ nyckel i och med att vi l\u00e5tsats att vi varit huvudkarakt\u00e4rer i en romantisk komedi, s\u00e4ger Linnea Henriksson.<\/p>\n<p>Romkom-temat tar sig ocks\u00e5 uttryck i albumets tre akter \u2013 en stark presentation av personerna, en mittdel d\u00e4r det skaver och en uppl\u00f6sning med ett lyckligt slut, ber\u00e4ttar Linnea Henriksson.\u00a0<\/p>\n<p>\u2013 Tr\u00f6jan fr\u00e5n \u201dSommarkatt\u201d finns samtidigt med \u00e4ven i den sista l\u00e5ten, \u201dDet vi har\u201d. D\u00e4r st\u00e5r jag p\u00e5 balkongen i den h\u00e4r tr\u00f6jan, men d\u00e5 \u00e4r den tv\u00e4rtom: den varmaste platsen man kan vara p\u00e5, s\u00e4ger Linnea Henriksson.<\/p>\n","protected":false},"excerpt":{"rendered":"Publicerad 6 jan 2026 kl 07.38 N\u00e4r livet har stannat upp kan k\u00e4rleken ibland k\u00e4nnas som en obekv\u00e4m&hellip;\n","protected":false},"author":2,"featured_media":127041,"comment_status":"","ping_status":"","sticky":false,"template":"","format":"standard","meta":{"footnotes":""},"categories":[67],"tags":[104,11869,34,775,31,33,32,30,547,105],"class_list":{"0":"post-127040","1":"post","2":"type-post","3":"status-publish","4":"format-standard","5":"has-post-thumbnail","7":"category-underhallning","8":"tag-entertainment","9":"tag-person-linnea-henriksson","10":"tag-se","11":"tag-sections-musik","12":"tag-svenska","13":"tag-sverige","14":"tag-sweden","15":"tag-swedish","16":"tag-topic-karlek-relationer","17":"tag-underhallning"},"share_on_mastodon":{"url":"https:\/\/pubeurope.com\/@se\/115846805108742887","error":""},"_links":{"self":[{"href":"https:\/\/www.europesays.com\/se\/wp-json\/wp\/v2\/posts\/127040","targetHints":{"allow":["GET"]}}],"collection":[{"href":"https:\/\/www.europesays.com\/se\/wp-json\/wp\/v2\/posts"}],"about":[{"href":"https:\/\/www.europesays.com\/se\/wp-json\/wp\/v2\/types\/post"}],"author":[{"embeddable":true,"href":"https:\/\/www.europesays.com\/se\/wp-json\/wp\/v2\/users\/2"}],"replies":[{"embeddable":true,"href":"https:\/\/www.europesays.com\/se\/wp-json\/wp\/v2\/comments?post=127040"}],"version-history":[{"count":0,"href":"https:\/\/www.europesays.com\/se\/wp-json\/wp\/v2\/posts\/127040\/revisions"}],"wp:featuredmedia":[{"embeddable":true,"href":"https:\/\/www.europesays.com\/se\/wp-json\/wp\/v2\/media\/127041"}],"wp:attachment":[{"href":"https:\/\/www.europesays.com\/se\/wp-json\/wp\/v2\/media?parent=127040"}],"wp:term":[{"taxonomy":"category","embeddable":true,"href":"https:\/\/www.europesays.com\/se\/wp-json\/wp\/v2\/categories?post=127040"},{"taxonomy":"post_tag","embeddable":true,"href":"https:\/\/www.europesays.com\/se\/wp-json\/wp\/v2\/tags?post=127040"}],"curies":[{"name":"wp","href":"https:\/\/api.w.org\/{rel}","templated":true}]}}