{"id":127043,"date":"2026-01-06T06:49:26","date_gmt":"2026-01-06T06:49:26","guid":{"rendered":"https:\/\/www.europesays.com\/se\/127043\/"},"modified":"2026-01-06T06:49:26","modified_gmt":"2026-01-06T06:49:26","slug":"raymond-malskytt-i-detroits-seger-mot-ottawa-i-nhl","status":"publish","type":"post","link":"https:\/\/www.europesays.com\/se\/127043\/","title":{"rendered":"Raymond m\u00e5lskytt i Detroits seger mot Ottawa i NHL"},"content":{"rendered":"<p class=\"boxtextgrotesk-root_baa6 hyperion-css-1w346fg\">Uppdaterad 07.06 | Publicerad 05.42<\/p>\n<p>share-arrowDela<\/p>\n<p>unsaveSpara<\/p>\n<p>expand-left<\/p>\n<p>helsk\u00e4rm<img decoding=\"async\" class=\"image-asset hyperion-css-u06ts1\" data-test-tag=\"image-asset\" src=\"https:\/\/www.europesays.com\/se\/wp-content\/uploads\/2026\/01\/e93a33c2-68cb-4250-97f0-7d0826478291.jpeg\"  alt=\"Detroits Lucas Raymond i segermatchen mot Ottawa.\"  loading=\"eager\" fetchpriority=\"high\" style=\"aspect-ratio:1900 \/ 1267\"\/>Detroits Lucas Raymond i segermatchen mot Ottawa. Foto: Spencer Colby\/AP\/TT<\/p>\n<p class=\"hyperion-css-1shl3oz\" data-test-tag=\"lead-text\">Detroit v\u00e4nde sina tv\u00e5 raka f\u00f6rluster till seger, bland annat tack vare svenske NHL-stj\u00e4rnan Lucas Raymond, med 5\u20133 p\u00e5 bortaplan mot Ottawa.<\/p>\n<p class=\"hyperion-css-1v9qo5x\">Vinnarlaget tog kommandot redan fr\u00e5n start och avslutade f\u00f6rsta perioden med en 3\u20130-ledning.<\/p>\n<p class=\"hyperion-css-1v9qo5x\">16 minuter in i den andra perioden s\u00e5g Raymond till att s\u00e4kra \u00f6vertaget ytterligare med ett handledsskott och br\u00f6t motst\u00e5ndarlagets momentum efter tv\u00e5 raka m\u00e5l, till 4\u20132.<\/p>\n<p class=\"hyperion-css-1v9qo5x\">Den 23-\u00e5rige svensken \u00e4r uttagen till OS-truppen inf\u00f6r turneringen i Milano och Cortina om en dryg m\u00e5nad.<\/p>\n","protected":false},"excerpt":{"rendered":"Uppdaterad 07.06 | Publicerad 05.42 share-arrowDela unsaveSpara expand-left helsk\u00e4rmDetroits Lucas Raymond i segermatchen mot Ottawa. Foto: Spencer Colby\/AP\/TT&hellip;\n","protected":false},"author":2,"featured_media":127044,"comment_status":"","ping_status":"","sticky":false,"template":"","format":"standard","meta":{"footnotes":""},"categories":[5],"tags":[22,23,26,27,17,21,24,25,28,29,15,16,18,34,31,33,32,30,19,20],"class_list":{"0":"post-127043","1":"post","2":"type-post","3":"status-publish","4":"format-standard","5":"has-post-thumbnail","7":"category-rubriker","8":"tag-breaking-news","9":"tag-breakingnews","10":"tag-featured-news","11":"tag-featurednews","12":"tag-headlines","13":"tag-huvudnyheter","14":"tag-latest-news","15":"tag-latestnews","16":"tag-main-news","17":"tag-mainnews","18":"tag-news","19":"tag-nyheter","20":"tag-rubriker","21":"tag-se","22":"tag-svenska","23":"tag-sverige","24":"tag-sweden","25":"tag-swedish","26":"tag-top-stories","27":"tag-topstories"},"share_on_mastodon":{"url":"https:\/\/pubeurope.com\/@se\/115846824799502719","error":""},"_links":{"self":[{"href":"https:\/\/www.europesays.com\/se\/wp-json\/wp\/v2\/posts\/127043","targetHints":{"allow":["GET"]}}],"collection":[{"href":"https:\/\/www.europesays.com\/se\/wp-json\/wp\/v2\/posts"}],"about":[{"href":"https:\/\/www.europesays.com\/se\/wp-json\/wp\/v2\/types\/post"}],"author":[{"embeddable":true,"href":"https:\/\/www.europesays.com\/se\/wp-json\/wp\/v2\/users\/2"}],"replies":[{"embeddable":true,"href":"https:\/\/www.europesays.com\/se\/wp-json\/wp\/v2\/comments?post=127043"}],"version-history":[{"count":0,"href":"https:\/\/www.europesays.com\/se\/wp-json\/wp\/v2\/posts\/127043\/revisions"}],"wp:featuredmedia":[{"embeddable":true,"href":"https:\/\/www.europesays.com\/se\/wp-json\/wp\/v2\/media\/127044"}],"wp:attachment":[{"href":"https:\/\/www.europesays.com\/se\/wp-json\/wp\/v2\/media?parent=127043"}],"wp:term":[{"taxonomy":"category","embeddable":true,"href":"https:\/\/www.europesays.com\/se\/wp-json\/wp\/v2\/categories?post=127043"},{"taxonomy":"post_tag","embeddable":true,"href":"https:\/\/www.europesays.com\/se\/wp-json\/wp\/v2\/tags?post=127043"}],"curies":[{"name":"wp","href":"https:\/\/api.w.org\/{rel}","templated":true}]}}