{"id":127049,"date":"2026-01-06T06:56:05","date_gmt":"2026-01-06T06:56:05","guid":{"rendered":"https:\/\/www.europesays.com\/se\/127049\/"},"modified":"2026-01-06T06:56:05","modified_gmt":"2026-01-06T06:56:05","slug":"06-januari-07-34-sammanfattning-natt-ostergotlands-lan","status":"publish","type":"post","link":"https:\/\/www.europesays.com\/se\/127049\/","title":{"rendered":"06 januari 07.34, Sammanfattning natt, \u00d6sterg\u00f6tlands l\u00e4n"},"content":{"rendered":"<p>Polisen har hanterat ett 90-tal \u00e4renden i \u00d6sterg\u00f6tlands l\u00e4n mellan klockan 22 och 07. Inga stora h\u00e4ndelser eller allvarliga v\u00e5ldsbrott har kommit till polisens k\u00e4nnedom.<\/p>\n<p>En handfull viltolyckor har intr\u00e4ffat utan personskador och inget som blivit polisi\u00e4rt. Trots relativt besv\u00e4rligt v\u00e4glag p\u00e5 sina h\u00e5ll har det inte varit n\u00e5gra stora olyckor med personskador i l\u00e4net under natten.\u00a0<\/p>\n<p><strong>23:25 Misshandel &#8211; Link\u00f6ping<\/strong><\/p>\n<p>Polisen larmas till en bostad i centrala Link\u00f6ping efter larm om br\u00e5k. P\u00e5 plats blir en man i 45-\u00e5rs\u00e5ldern omh\u00e4ndertagen enligt LOB och \u00e4r misst\u00e4nkt f\u00f6r misshandel av den kvinna han har en relation med. Kvinnan har f\u00e5tt ta emot slag mot huvudet och k\u00f6rs till sjukhus f\u00f6r kontroll men \u00e4r inte allvarligt skadad. Omh\u00e4ndertagandet blir ett gripande och mannen anh\u00e5lls p\u00e5 morgonen av \u00e5klagare.<\/p>\n<p><strong>00:02 Misshandel &#8211; Link\u00f6ping<\/strong><\/p>\n<p>Larm om br\u00e5k i en bostad i centrala Link\u00f6ping inkommer och polis \u00e5ker till platsen. En man har varit v\u00e5ldsam mot den kvinna han har en relation med och blir misst\u00e4nkt f\u00f6r ringa misshandel. Kvinnan beh\u00f6ver inte upps\u00f6ka sjukv\u00e5rd.<\/p>\n<p><strong>00:08 Misshandel &#8211; Link\u00f6ping<\/strong><\/p>\n<p>Polisen f\u00e5r larm om att en man i 35-\u00e5rs\u00e5ldern varit v\u00e5ldsam mot en annan man i 20-\u00e5rs\u00e5ldern i Valla i Link\u00f6ping. Den misst\u00e4nkt kan gripas i en bostad i Lambohov vid 01:45 och han blir misst\u00e4nkt f\u00f6r misshandel samt olaga hot. Ingen blir allvarligt skadad.<\/p>\n<p>\u00a0<\/p>\n<p>\u00a0<\/p>\n<p>\u00a0<\/p>\n<p>\u00a0<\/p>\n","protected":false},"excerpt":{"rendered":"Polisen har hanterat ett 90-tal \u00e4renden i \u00d6sterg\u00f6tlands l\u00e4n mellan klockan 22 och 07. Inga stora h\u00e4ndelser eller&hellip;\n","protected":false},"author":2,"featured_media":54,"comment_status":"","ping_status":"","sticky":false,"template":"","format":"standard","meta":{"footnotes":""},"categories":[12],"tags":[22,23,26,27,17,21,24,25,28,29,15,16,18,34,31,33,32,30,19,20],"class_list":{"0":"post-127049","1":"post","2":"type-post","3":"status-publish","4":"format-standard","5":"has-post-thumbnail","7":"category-sverige","8":"tag-breaking-news","9":"tag-breakingnews","10":"tag-featured-news","11":"tag-featurednews","12":"tag-headlines","13":"tag-huvudnyheter","14":"tag-latest-news","15":"tag-latestnews","16":"tag-main-news","17":"tag-mainnews","18":"tag-news","19":"tag-nyheter","20":"tag-rubriker","21":"tag-se","22":"tag-svenska","23":"tag-sverige","24":"tag-sweden","25":"tag-swedish","26":"tag-top-stories","27":"tag-topstories"},"share_on_mastodon":{"url":"https:\/\/pubeurope.com\/@se\/115846852329573154","error":""},"_links":{"self":[{"href":"https:\/\/www.europesays.com\/se\/wp-json\/wp\/v2\/posts\/127049","targetHints":{"allow":["GET"]}}],"collection":[{"href":"https:\/\/www.europesays.com\/se\/wp-json\/wp\/v2\/posts"}],"about":[{"href":"https:\/\/www.europesays.com\/se\/wp-json\/wp\/v2\/types\/post"}],"author":[{"embeddable":true,"href":"https:\/\/www.europesays.com\/se\/wp-json\/wp\/v2\/users\/2"}],"replies":[{"embeddable":true,"href":"https:\/\/www.europesays.com\/se\/wp-json\/wp\/v2\/comments?post=127049"}],"version-history":[{"count":0,"href":"https:\/\/www.europesays.com\/se\/wp-json\/wp\/v2\/posts\/127049\/revisions"}],"wp:featuredmedia":[{"embeddable":true,"href":"https:\/\/www.europesays.com\/se\/wp-json\/wp\/v2\/media\/54"}],"wp:attachment":[{"href":"https:\/\/www.europesays.com\/se\/wp-json\/wp\/v2\/media?parent=127049"}],"wp:term":[{"taxonomy":"category","embeddable":true,"href":"https:\/\/www.europesays.com\/se\/wp-json\/wp\/v2\/categories?post=127049"},{"taxonomy":"post_tag","embeddable":true,"href":"https:\/\/www.europesays.com\/se\/wp-json\/wp\/v2\/tags?post=127049"}],"curies":[{"name":"wp","href":"https:\/\/api.w.org\/{rel}","templated":true}]}}