{"id":127050,"date":"2026-01-06T06:57:18","date_gmt":"2026-01-06T06:57:18","guid":{"rendered":"https:\/\/www.europesays.com\/se\/127050\/"},"modified":"2026-01-06T06:57:18","modified_gmt":"2026-01-06T06:57:18","slug":"hade-machado-tackat-nej-till-fredspriset-hade-hon-varit-president","status":"publish","type":"post","link":"https:\/\/www.europesays.com\/se\/127050\/","title":{"rendered":"Hade Machado tackat nej till fredspriset hade hon varit president"},"content":{"rendered":"<p>Att Donald Trump inte st\u00f6djer Nobelpristagaren Mar\u00eda Corina Machado som Venezuelas framtida ledare kan bero p\u00e5 just det pris hon tog emot i december.<\/p>\n<p>Tv\u00e5 k\u00e4llor med n\u00e4ra koppling till Vita huset s\u00e4ger till The Washington Post att Trumps bristande st\u00f6d f\u00f6r Machado beror p\u00e5 att hon tog emot priset som han sj\u00e4lv \u00f6ppet velat ha. Att hon accepterade utm\u00e4rkelsen ska ha setts som en \u201dultimat synd\u201d, trots att hon dedikerade priset till Trump.<\/p>\n<p>\u2013 Om hon hade tackat nej och sagt: \u201dJag kan inte ta emot det eftersom det \u00e4r Donald Trumps\u201d, skulle hon vara Venezuelas president i\u202fdag, s\u00e4ger en av k\u00e4llorna.<\/p>\n<p>Trump sade i helgen att Machado skulle f\u00e5 det sv\u00e5rt att styra Venezuela, eftersom han menar att hon inte \u00e4r omtyckt och saknar st\u00f6d bland folket. De orden ska enligt en oppositionsk\u00e4lla till tidningen ha varit ett h\u00e5rt besked f\u00f6r oppositionen.<\/p>\n<p>Omni \u00e4r politiskt obundna och oberoende. Vi str\u00e4var efter att ge fler perspektiv p\u00e5 nyheterna. Har du fr\u00e5gor eller synpunkter kring v\u00e5r rapportering? <a href=\"https:\/\/omni.se\/kallor-hade-machado-tackat-nej-till-fredspriset-hade-hon-varit-president\/a\/mailto:redaktion@omni.se\" class=\"ArticleActions_contactLink__W2F1M\" rel=\"nofollow noopener\" target=\"_blank\">Kontakta redaktionen<\/a><\/p>\n","protected":false},"excerpt":{"rendered":"Att Donald Trump inte st\u00f6djer Nobelpristagaren Mar\u00eda Corina Machado som Venezuelas framtida ledare kan bero p\u00e5 just det&hellip;\n","protected":false},"author":2,"featured_media":127051,"comment_status":"","ping_status":"","sticky":false,"template":"","format":"standard","meta":{"footnotes":""},"categories":[5],"tags":[22,23,385,26,27,17,21,24,25,708,28,29,15,616,268,16,18,34,31,33,32,30,19,20,74,13061,2545],"class_list":{"0":"post-127050","1":"post","2":"type-post","3":"status-publish","4":"format-standard","5":"has-post-thumbnail","7":"category-rubriker","8":"tag-breaking-news","9":"tag-breakingnews","10":"tag-donald-trump","11":"tag-featured-news","12":"tag-featurednews","13":"tag-headlines","14":"tag-huvudnyheter","15":"tag-latest-news","16":"tag-latestnews","17":"tag-latinamerika","18":"tag-main-news","19":"tag-mainnews","20":"tag-news","21":"tag-nobels-fredspris","22":"tag-nordamerika","23":"tag-nyheter","24":"tag-rubriker","25":"tag-se","26":"tag-svenska","27":"tag-sverige","28":"tag-sweden","29":"tag-swedish","30":"tag-top-stories","31":"tag-topstories","32":"tag-usa","33":"tag-usa-vs-venezuela","34":"tag-venezuela"},"share_on_mastodon":{"url":"https:\/\/pubeurope.com\/@se\/115846856206375116","error":""},"_links":{"self":[{"href":"https:\/\/www.europesays.com\/se\/wp-json\/wp\/v2\/posts\/127050","targetHints":{"allow":["GET"]}}],"collection":[{"href":"https:\/\/www.europesays.com\/se\/wp-json\/wp\/v2\/posts"}],"about":[{"href":"https:\/\/www.europesays.com\/se\/wp-json\/wp\/v2\/types\/post"}],"author":[{"embeddable":true,"href":"https:\/\/www.europesays.com\/se\/wp-json\/wp\/v2\/users\/2"}],"replies":[{"embeddable":true,"href":"https:\/\/www.europesays.com\/se\/wp-json\/wp\/v2\/comments?post=127050"}],"version-history":[{"count":0,"href":"https:\/\/www.europesays.com\/se\/wp-json\/wp\/v2\/posts\/127050\/revisions"}],"wp:featuredmedia":[{"embeddable":true,"href":"https:\/\/www.europesays.com\/se\/wp-json\/wp\/v2\/media\/127051"}],"wp:attachment":[{"href":"https:\/\/www.europesays.com\/se\/wp-json\/wp\/v2\/media?parent=127050"}],"wp:term":[{"taxonomy":"category","embeddable":true,"href":"https:\/\/www.europesays.com\/se\/wp-json\/wp\/v2\/categories?post=127050"},{"taxonomy":"post_tag","embeddable":true,"href":"https:\/\/www.europesays.com\/se\/wp-json\/wp\/v2\/tags?post=127050"}],"curies":[{"name":"wp","href":"https:\/\/api.w.org\/{rel}","templated":true}]}}