{"id":127054,"date":"2026-01-06T07:04:07","date_gmt":"2026-01-06T07:04:07","guid":{"rendered":"https:\/\/www.europesays.com\/se\/127054\/"},"modified":"2026-01-06T07:04:07","modified_gmt":"2026-01-06T07:04:07","slug":"06-januari-07-34-sammanfattning-natt-sodermanlands-lan","status":"publish","type":"post","link":"https:\/\/www.europesays.com\/se\/127054\/","title":{"rendered":"06 januari 07.34, Sammanfattning natt, S\u00f6dermanlands l\u00e4n"},"content":{"rendered":"<p>Polisen har hanterat ett 50-tal \u00e4renden i S\u00f6dermanlands l\u00e4n mellan klockan 22 och 07. Inga stora h\u00e4ndelser eller allvarliga v\u00e5ldsbrott har kommit till polisens k\u00e4nnedom.<\/p>\n<p>En handfull viltolyckor har intr\u00e4ffat utan personskador och inget som blivit polisi\u00e4rt. Trots relativt besv\u00e4rligt v\u00e4glag p\u00e5 sina h\u00e5ll har det inte varit n\u00e5gra stora olyckor med personskador i l\u00e4net under natten. Polisen har ocks\u00e5 hanterat ett antal fall av psykisk oh\u00e4lsa samt omh\u00e4ndertagit n\u00e5gra personer enligt LOB.<\/p>\n<p><strong>22:10 OIaga intr\u00e5ng etc &#8211; Katrineholm<\/strong><\/p>\n<p>Larm inkommer om att en man olovligen uppeh\u00e5ller sig p\u00e5 en altan vid en villa i Katrineholm. Polis \u00e5ker till platsen och omh\u00e4ndertar en man i 30-\u00e5rs\u00e5ldern. Han blir misst\u00e4nkt f\u00f6r olaga intr\u00e5ng, narkotikabrott samt narkotikabrott f\u00f6r eget bruk.<\/p>\n<p><strong>04:15 Drograttfylleri &#8211; Flen<\/strong><\/p>\n<p>Polisen g\u00f6r ett stopp p\u00e5 ett fordon i Bjurtorp och d\u00e5 v\u00e4ljer f\u00f6raren att f\u00f6rs\u00f6ka fly till fots fr\u00e5n platsen. Mannen, som \u00e4r i 30-\u00e5rs\u00e5ldern, kommer dock inte l\u00e5ngt och blir omh\u00e4ndertagen enligt LOB. Han misst\u00e4nks f\u00f6r drograttfylleri.\u00a0<\/p>\n<p>\u00a0<\/p>\n<p>\u00a0<\/p>\n","protected":false},"excerpt":{"rendered":"Polisen har hanterat ett 50-tal \u00e4renden i S\u00f6dermanlands l\u00e4n mellan klockan 22 och 07. Inga stora h\u00e4ndelser eller&hellip;\n","protected":false},"author":2,"featured_media":54,"comment_status":"","ping_status":"","sticky":false,"template":"","format":"standard","meta":{"footnotes":""},"categories":[12],"tags":[22,23,26,27,17,21,24,25,28,29,15,16,18,34,31,33,32,30,19,20],"class_list":{"0":"post-127054","1":"post","2":"type-post","3":"status-publish","4":"format-standard","5":"has-post-thumbnail","7":"category-sverige","8":"tag-breaking-news","9":"tag-breakingnews","10":"tag-featured-news","11":"tag-featurednews","12":"tag-headlines","13":"tag-huvudnyheter","14":"tag-latest-news","15":"tag-latestnews","16":"tag-main-news","17":"tag-mainnews","18":"tag-news","19":"tag-nyheter","20":"tag-rubriker","21":"tag-se","22":"tag-svenska","23":"tag-sverige","24":"tag-sweden","25":"tag-swedish","26":"tag-top-stories","27":"tag-topstories"},"share_on_mastodon":{"url":"https:\/\/pubeurope.com\/@se\/115846883776248165","error":""},"_links":{"self":[{"href":"https:\/\/www.europesays.com\/se\/wp-json\/wp\/v2\/posts\/127054","targetHints":{"allow":["GET"]}}],"collection":[{"href":"https:\/\/www.europesays.com\/se\/wp-json\/wp\/v2\/posts"}],"about":[{"href":"https:\/\/www.europesays.com\/se\/wp-json\/wp\/v2\/types\/post"}],"author":[{"embeddable":true,"href":"https:\/\/www.europesays.com\/se\/wp-json\/wp\/v2\/users\/2"}],"replies":[{"embeddable":true,"href":"https:\/\/www.europesays.com\/se\/wp-json\/wp\/v2\/comments?post=127054"}],"version-history":[{"count":0,"href":"https:\/\/www.europesays.com\/se\/wp-json\/wp\/v2\/posts\/127054\/revisions"}],"wp:featuredmedia":[{"embeddable":true,"href":"https:\/\/www.europesays.com\/se\/wp-json\/wp\/v2\/media\/54"}],"wp:attachment":[{"href":"https:\/\/www.europesays.com\/se\/wp-json\/wp\/v2\/media?parent=127054"}],"wp:term":[{"taxonomy":"category","embeddable":true,"href":"https:\/\/www.europesays.com\/se\/wp-json\/wp\/v2\/categories?post=127054"},{"taxonomy":"post_tag","embeddable":true,"href":"https:\/\/www.europesays.com\/se\/wp-json\/wp\/v2\/tags?post=127054"}],"curies":[{"name":"wp","href":"https:\/\/api.w.org\/{rel}","templated":true}]}}