{"id":127067,"date":"2026-01-06T07:19:11","date_gmt":"2026-01-06T07:19:11","guid":{"rendered":"https:\/\/www.europesays.com\/se\/127067\/"},"modified":"2026-01-06T07:19:11","modified_gmt":"2026-01-06T07:19:11","slug":"inget-nyval-i-venezuela-narmsta-30-dagarna","status":"publish","type":"post","link":"https:\/\/www.europesays.com\/se\/127067\/","title":{"rendered":"Inget nyval i Venezuela n\u00e4rmsta 30 dagarna"},"content":{"rendered":"<p>New York-b\u00f6rsen lyfte p\u00e5 m\u00e5ndagen, st\u00e4rkt av stigande kurser i oljebolag och banker.<\/p>\n<p>Aktien i Chevron, det enda amerikanska oljebolag som \u00e4r verksamt i Venezuela, steg 5,3 procent. Konkurrenten Exxon Mobil gick upp 2,3 procent.<\/p>\n<p>Uppg\u00e5ngarna kom efter att president Donald Trump sagt att USA tillsammans med amerikanska f\u00f6retag ska ta \u00f6ver Venezuelas oljeindustri. Han gjorde uttalandet efter att landets president Nicol\u00e1s Maduro i l\u00f6rdags tillf\u00e5ngatagits i huvudstaden Caracas av amerikanska styrkor.<\/p>\n<p>Andra vinnare p\u00e5 Wall Street var n\u00e5gra av storbankerna: Bank of America och JP Morgan Chase steg 1,6 respektive 2,6 procent.<\/p>\n<p>Breda S&amp;P 500-index gick upp 0,6 procent, Dow Jones industriindex 1,2 procent och Nasdaqs tekniktunga kompositindex 0,7 procent.<\/p>\n","protected":false},"excerpt":{"rendered":"New York-b\u00f6rsen lyfte p\u00e5 m\u00e5ndagen, st\u00e4rkt av stigande kurser i oljebolag och banker. Aktien i Chevron, det enda&hellip;\n","protected":false},"author":2,"featured_media":14013,"comment_status":"","ping_status":"","sticky":false,"template":"","format":"standard","meta":{"footnotes":""},"categories":[14],"tags":[22,23,26,27,17,21,24,25,28,29,15,16,18,34,31,33,32,30,19,20,51,52,53,54],"class_list":{"0":"post-127067","1":"post","2":"type-post","3":"status-publish","4":"format-standard","5":"has-post-thumbnail","7":"category-varlden","8":"tag-breaking-news","9":"tag-breakingnews","10":"tag-featured-news","11":"tag-featurednews","12":"tag-headlines","13":"tag-huvudnyheter","14":"tag-latest-news","15":"tag-latestnews","16":"tag-main-news","17":"tag-mainnews","18":"tag-news","19":"tag-nyheter","20":"tag-rubriker","21":"tag-se","22":"tag-svenska","23":"tag-sverige","24":"tag-sweden","25":"tag-swedish","26":"tag-top-stories","27":"tag-topstories","28":"tag-varlden","29":"tag-world","30":"tag-world-news","31":"tag-worldnews"},"share_on_mastodon":{"url":"https:\/\/pubeurope.com\/@se\/115846942806338092","error":""},"_links":{"self":[{"href":"https:\/\/www.europesays.com\/se\/wp-json\/wp\/v2\/posts\/127067","targetHints":{"allow":["GET"]}}],"collection":[{"href":"https:\/\/www.europesays.com\/se\/wp-json\/wp\/v2\/posts"}],"about":[{"href":"https:\/\/www.europesays.com\/se\/wp-json\/wp\/v2\/types\/post"}],"author":[{"embeddable":true,"href":"https:\/\/www.europesays.com\/se\/wp-json\/wp\/v2\/users\/2"}],"replies":[{"embeddable":true,"href":"https:\/\/www.europesays.com\/se\/wp-json\/wp\/v2\/comments?post=127067"}],"version-history":[{"count":0,"href":"https:\/\/www.europesays.com\/se\/wp-json\/wp\/v2\/posts\/127067\/revisions"}],"wp:featuredmedia":[{"embeddable":true,"href":"https:\/\/www.europesays.com\/se\/wp-json\/wp\/v2\/media\/14013"}],"wp:attachment":[{"href":"https:\/\/www.europesays.com\/se\/wp-json\/wp\/v2\/media?parent=127067"}],"wp:term":[{"taxonomy":"category","embeddable":true,"href":"https:\/\/www.europesays.com\/se\/wp-json\/wp\/v2\/categories?post=127067"},{"taxonomy":"post_tag","embeddable":true,"href":"https:\/\/www.europesays.com\/se\/wp-json\/wp\/v2\/tags?post=127067"}],"curies":[{"name":"wp","href":"https:\/\/api.w.org\/{rel}","templated":true}]}}