{"id":127068,"date":"2026-01-06T07:20:24","date_gmt":"2026-01-06T07:20:24","guid":{"rendered":"https:\/\/www.europesays.com\/se\/127068\/"},"modified":"2026-01-06T07:20:24","modified_gmt":"2026-01-06T07:20:24","slug":"gymnasternas-nya-hall-drojer-ny-plats-utpekad","status":"publish","type":"post","link":"https:\/\/www.europesays.com\/se\/127068\/","title":{"rendered":"Gymnasternas nya hall dr\u00f6jer \u2013 ny plats utpekad"},"content":{"rendered":"<p class=\"ort\">Jakobsberg<\/p>\n<p class=\"text\">J\u00e4rf\u00e4llagymnasterna har, <a target=\"_blank\" rel=\"noopener nofollow\" href=\"https:\/\/www.mitti.se\/nyheter\/nya-bakslag-for-planerna-pa-nya-ishallen-i-jakobsberg-6.3.335567.6d0bef46c4\">precis som J\u00e4rf\u00e4lla Hockey Club<\/a>, ett skriande behov av en ny hall. De var ocks\u00e5 involverade i planerna f\u00f6r sportf\u00e4ltet, <a target=\"_blank\" rel=\"noopener nofollow\" href=\"https:\/\/www.mitti.se\/nyheter\/planerna-pa-jarfalla-sportfalt-skrotas-vad-var-det-som-hande-6.27.7927.01f213cdfe\">som senare skrotades<\/a>. Efter det har kommunen tittat p\u00e5 en rad olika t\u00e4nkbara scenarier, bland annat att bygga ut JG-hallen i Viksj\u00f6 eller bygga nytt vid <a target=\"_blank\" rel=\"noopener nofollow\" href=\"https:\/\/www.mitti.se\/nyheter\/har-kan-ny-gymnastikhall-byggas-perfekt-6.3.259658.d077629e04\">infartsparkeringen vid J\u00e4rf\u00e4llav\u00e4gen.<\/a><\/p>\n<p class=\"text\">Kommunen beslutade i b\u00f6rjan p\u00e5 \u00e5ret att halvera storleken p\u00e5 hallen och kunde d\u00e4rf\u00f6r leta p\u00e5 andra \u2013\u00a0mindre \u2013\u00a0tomter.<\/p>\n<p class=\"citat\">Tomten \u00e4r s\u00e5 pass liten att hallen m\u00e5ste byggas i tre v\u00e5ningar.<\/p>\n<p>Tre v\u00e5ningar<\/p>\n<p class=\"text\">Nu pekas Sl\u00f6jdv\u00e4gen, bredvid vid brof\u00e4stet intill Viksj\u00f6leden i Jakobsberg, ut som ett m\u00f6jlig plats.<\/p>\n<p class=\"text\">\u2013\u00a0Det \u00e4r inte den mest optimala platsen eftersom tomten \u00e4r s\u00e5 pass liten att hallen m\u00e5ste byggas i tre v\u00e5ningar, s\u00e4ger Emilia Tell, ordf\u00f6rande i J\u00e4rf\u00e4llagymnasterna. <\/p>\n<p class=\"text\">Det kan bli ett problem i framtiden.<\/p>\n<p class=\"text\">\u2013\u00a0Alla idrotter f\u00f6r\u00e4ndras \u00f6ver tid. Den h\u00e4r typen av byggnad blir v\u00e4ldigt skr\u00e4ddarsydd och det riskerar att bli begr\u00e4nsande i framtiden. Vi vill inte hamna i ett l\u00e4ge d\u00e4r det l\u00e4ggs j\u00e4ttemycket pengar p\u00e5 det h\u00e4r och s\u00e5 blir det inte s\u00e5 bra \u00f6ver tid. Samtidigt vill vi inte bara s\u00e4ga nej till alla f\u00f6rslag.<\/p>\n<p>S\u00e4rskilt kompetens<\/p>\n<p class=\"text\">Kommunen uppger att den nya hallstorleken inneb\u00e4r prioriteringar f\u00f6r f\u00f6reningen. Men skulle man tillm\u00f6tesg\u00e5 f\u00f6reningens \u00f6nskem\u00e5l om en hall p\u00e5 8000 kvadratmeter skulle hallen bli den st\u00f6rsta i Norden. <\/p>\n<p class=\"text\">\u2013\u00a0F\u00f6rvaltningen delar f\u00f6reningens uppfattning att byggandet av en gymnastikhall kr\u00e4ver s\u00e4rskild kompetens och att detta g\u00f6r det extra viktigt att J\u00e4rf\u00e4llagymnasterna medverkar aktivt i det fortsatta arbetet, s\u00e4ger Johanna Tuomarila, lokalsamordnare p\u00e5 J\u00e4rf\u00e4lla kommun.<\/p>\n<p class=\"text\">Planerna p\u00e5 en ny hall f\u00f6r gymnasterna har p\u00e5g\u00e5tt i m\u00e5nga \u00e5r, vilken \u00e4r den st\u00f6rsta utmaningen nu f\u00f6r att hallen ska bli av?<\/p>\n<p class=\"text\">\u2013\u00a0Att hitta en plats d\u00e4r vi kan s\u00e4kerst\u00e4lla att idrottens behov tas om hand i n\u00e4ra dialog med J\u00e4rf\u00e4llagymnasterna. <\/p>\n","protected":false},"excerpt":{"rendered":"Jakobsberg J\u00e4rf\u00e4llagymnasterna har, precis som J\u00e4rf\u00e4lla Hockey Club, ett skriande behov av en ny hall. De var ocks\u00e5&hellip;\n","protected":false},"author":2,"featured_media":127069,"comment_status":"","ping_status":"","sticky":false,"template":"","format":"standard","meta":{"footnotes":""},"categories":[12],"tags":[22,23,26,27,17,21,24,25,28,29,15,16,18,34,31,33,32,30,19,20],"class_list":{"0":"post-127068","1":"post","2":"type-post","3":"status-publish","4":"format-standard","5":"has-post-thumbnail","7":"category-sverige","8":"tag-breaking-news","9":"tag-breakingnews","10":"tag-featured-news","11":"tag-featurednews","12":"tag-headlines","13":"tag-huvudnyheter","14":"tag-latest-news","15":"tag-latestnews","16":"tag-main-news","17":"tag-mainnews","18":"tag-news","19":"tag-nyheter","20":"tag-rubriker","21":"tag-se","22":"tag-svenska","23":"tag-sverige","24":"tag-sweden","25":"tag-swedish","26":"tag-top-stories","27":"tag-topstories"},"share_on_mastodon":{"url":"https:\/\/pubeurope.com\/@se\/115846946686315630","error":""},"_links":{"self":[{"href":"https:\/\/www.europesays.com\/se\/wp-json\/wp\/v2\/posts\/127068","targetHints":{"allow":["GET"]}}],"collection":[{"href":"https:\/\/www.europesays.com\/se\/wp-json\/wp\/v2\/posts"}],"about":[{"href":"https:\/\/www.europesays.com\/se\/wp-json\/wp\/v2\/types\/post"}],"author":[{"embeddable":true,"href":"https:\/\/www.europesays.com\/se\/wp-json\/wp\/v2\/users\/2"}],"replies":[{"embeddable":true,"href":"https:\/\/www.europesays.com\/se\/wp-json\/wp\/v2\/comments?post=127068"}],"version-history":[{"count":0,"href":"https:\/\/www.europesays.com\/se\/wp-json\/wp\/v2\/posts\/127068\/revisions"}],"wp:featuredmedia":[{"embeddable":true,"href":"https:\/\/www.europesays.com\/se\/wp-json\/wp\/v2\/media\/127069"}],"wp:attachment":[{"href":"https:\/\/www.europesays.com\/se\/wp-json\/wp\/v2\/media?parent=127068"}],"wp:term":[{"taxonomy":"category","embeddable":true,"href":"https:\/\/www.europesays.com\/se\/wp-json\/wp\/v2\/categories?post=127068"},{"taxonomy":"post_tag","embeddable":true,"href":"https:\/\/www.europesays.com\/se\/wp-json\/wp\/v2\/tags?post=127068"}],"curies":[{"name":"wp","href":"https:\/\/api.w.org\/{rel}","templated":true}]}}