{"id":127074,"date":"2026-01-06T07:30:23","date_gmt":"2026-01-06T07:30:23","guid":{"rendered":"https:\/\/www.europesays.com\/se\/127074\/"},"modified":"2026-01-06T07:30:23","modified_gmt":"2026-01-06T07:30:23","slug":"civil-militar-overenskommelse-med-gemensam-handlingsplan","status":"publish","type":"post","link":"https:\/\/www.europesays.com\/se\/127074\/","title":{"rendered":"Civil-milit\u00e4r \u00f6verenskommelse med gemensam handlingsplan"},"content":{"rendered":"<p>Samh\u00e4llet ska kunna fungera som vanligt<\/p>\n<p class=\"normal\">F\u00f6r att uppn\u00e5 ett v\u00e4l fungerande, integrerat och \u00e4ndam\u00e5lsenligt totalf\u00f6rsvar 2030 beh\u00f6ver vi l\u00e4gga s\u00e4rskild vikt p\u00e5 att \u00f6ka v\u00e5r gemensamma f\u00f6rm\u00e5ga inom fem omr\u00e5den: samverkan och ledning, l\u00e4gesbild, v\u00e4rdlandsst\u00f6d (\u00e4ven kallat Host Nation Support HNS), kommunikation samt \u00f6vrig gemensam planering, \u00f6vning och tr\u00e4ning.<\/p>\n<p class=\"normal\">\u2013 N\u00e4r vi \u00f6kar v\u00e5r f\u00f6rm\u00e5ga att anpassa v\u00e5r ledning och omprioritera verksamheter tillsammans kommer funktioner som sjukv\u00e5rd, polis, vatten och transporter kunna forts\u00e4tta fungera \u00e4ven om f\u00f6ruts\u00e4ttningarna f\u00f6r\u00e4ndras. Vi kommer ocks\u00e5 kunna informera medborgarna snabbare och det kommer p\u00e5verka m\u00e4nniskors trygghet, s\u00e4ger Gunilla Svantorp, Civilomr\u00e5deschef f\u00f6r syd\u00f6stra civilomr\u00e5det och landsh\u00f6vding \u00d6sterg\u00f6tland.<\/p>\n<p>Beh\u00f6ver h\u00f6ja kunskapen inom omr\u00e5det<\/p>\n<p class=\"normal\">Behovet av att kommunicera snabbt, korrekt och samlat till allm\u00e4nhet f\u00e5r stor betydelse f\u00f6r f\u00f6rsvarsviljan och m\u00e4nniskors trygghet.<\/p>\n<p class=\"normal\">\u2013 Kunskap om totalf\u00f6rsvaret och de s\u00e4kerhetspolitiska f\u00f6ruts\u00e4ttningarna skiljer sig avsev\u00e4rt mellan akt\u00f6rer och inom allm\u00e4nheten, vilket f\u00f6rsv\u00e5rar kommunikation och \u00f6kar risken f\u00f6r p\u00e5verkansoperationer. H\u00e4r har vi ett viktigt jobb att g\u00f6ra, s\u00e4ger Gunilla Svantorp.<\/p>\n","protected":false},"excerpt":{"rendered":"Samh\u00e4llet ska kunna fungera som vanligt F\u00f6r att uppn\u00e5 ett v\u00e4l fungerande, integrerat och \u00e4ndam\u00e5lsenligt totalf\u00f6rsvar 2030 beh\u00f6ver&hellip;\n","protected":false},"author":2,"featured_media":127075,"comment_status":"","ping_status":"","sticky":false,"template":"","format":"standard","meta":{"footnotes":""},"categories":[12],"tags":[22,23,26,27,17,21,24,25,28,29,15,16,18,34,31,33,32,30,19,20],"class_list":{"0":"post-127074","1":"post","2":"type-post","3":"status-publish","4":"format-standard","5":"has-post-thumbnail","7":"category-sverige","8":"tag-breaking-news","9":"tag-breakingnews","10":"tag-featured-news","11":"tag-featurednews","12":"tag-headlines","13":"tag-huvudnyheter","14":"tag-latest-news","15":"tag-latestnews","16":"tag-main-news","17":"tag-mainnews","18":"tag-news","19":"tag-nyheter","20":"tag-rubriker","21":"tag-se","22":"tag-svenska","23":"tag-sverige","24":"tag-sweden","25":"tag-swedish","26":"tag-top-stories","27":"tag-topstories"},"share_on_mastodon":{"url":"https:\/\/pubeurope.com\/@se\/115846985983232873","error":""},"_links":{"self":[{"href":"https:\/\/www.europesays.com\/se\/wp-json\/wp\/v2\/posts\/127074","targetHints":{"allow":["GET"]}}],"collection":[{"href":"https:\/\/www.europesays.com\/se\/wp-json\/wp\/v2\/posts"}],"about":[{"href":"https:\/\/www.europesays.com\/se\/wp-json\/wp\/v2\/types\/post"}],"author":[{"embeddable":true,"href":"https:\/\/www.europesays.com\/se\/wp-json\/wp\/v2\/users\/2"}],"replies":[{"embeddable":true,"href":"https:\/\/www.europesays.com\/se\/wp-json\/wp\/v2\/comments?post=127074"}],"version-history":[{"count":0,"href":"https:\/\/www.europesays.com\/se\/wp-json\/wp\/v2\/posts\/127074\/revisions"}],"wp:featuredmedia":[{"embeddable":true,"href":"https:\/\/www.europesays.com\/se\/wp-json\/wp\/v2\/media\/127075"}],"wp:attachment":[{"href":"https:\/\/www.europesays.com\/se\/wp-json\/wp\/v2\/media?parent=127074"}],"wp:term":[{"taxonomy":"category","embeddable":true,"href":"https:\/\/www.europesays.com\/se\/wp-json\/wp\/v2\/categories?post=127074"},{"taxonomy":"post_tag","embeddable":true,"href":"https:\/\/www.europesays.com\/se\/wp-json\/wp\/v2\/tags?post=127074"}],"curies":[{"name":"wp","href":"https:\/\/api.w.org\/{rel}","templated":true}]}}