{"id":127078,"date":"2026-01-06T07:40:07","date_gmt":"2026-01-06T07:40:07","guid":{"rendered":"https:\/\/www.europesays.com\/se\/127078\/"},"modified":"2026-01-06T07:40:07","modified_gmt":"2026-01-06T07:40:07","slug":"ishockey-ivar-stenberg-bakom-allt-i-finalbragden-han-leder-sitt-lag","status":"publish","type":"post","link":"https:\/\/www.europesays.com\/se\/127078\/","title":{"rendered":"Ishockey: Ivar Stenberg bakom allt i finalbragden: \u201dHan leder sitt lag\u201d"},"content":{"rendered":"<p>Se detaljerna i Ivar Stenbergs finalprestationer som hyllas i spelaren ovan.<\/p>\n<p>Fr\u00f6lundas Ivar Stenberg kom till junior-VM som Sveriges mest uppskrivna talang och 18-\u00e5ringen levererade \u2013 inte minst i finalen mot Tjeckien.<\/p>\n<p>D\u00e5 l\u00e5g han bakom Sveriges andra och tredje m\u00e5l innan han s\u00e5g till att laget kunde b\u00f6rja fira d\u00e5 han gjorde matchens sista m\u00e5l.<\/p>\n<p>\u2013 Det \u00e4r en enorm prestation, s\u00e4ger Andersson om Stenbergs turnering.<\/p>\n<p>Sammanlagt gjorde Stenberg tio po\u00e4ng p\u00e5 sju matcher och blev delad etta i den interna po\u00e4ngligan med lagkaptenen Jack Berglund.<\/p>\n<p>\u2013 N\u00e4r Ivar Stenberg ser tillbaka p\u00e5 turneringen b\u00f6r han vara otroligt stolt, s\u00e4ger Andersson. <\/p>\n<p>Stenberg har rankats som ett potentiellt f\u00f6rstaval i NHL-draften kommande sommar och det har m\u00e5lats upp som en kamp mellan svensken och kanadensaren Gavin McKenna. <\/p>\n<p><strong>SE MER: Ivar Stenbergs intervju stormas: \u201dEtta i draften\u201d<\/strong><\/p>\n","protected":false},"excerpt":{"rendered":"Se detaljerna i Ivar Stenbergs finalprestationer som hyllas i spelaren ovan. Fr\u00f6lundas Ivar Stenberg kom till junior-VM som&hellip;\n","protected":false},"author":2,"featured_media":127079,"comment_status":"","ping_status":"","sticky":false,"template":"","format":"standard","meta":{"footnotes":""},"categories":[5],"tags":[22,23,26,27,17,21,24,25,28,29,15,16,18,34,31,33,32,30,19,20],"class_list":{"0":"post-127078","1":"post","2":"type-post","3":"status-publish","4":"format-standard","5":"has-post-thumbnail","7":"category-rubriker","8":"tag-breaking-news","9":"tag-breakingnews","10":"tag-featured-news","11":"tag-featurednews","12":"tag-headlines","13":"tag-huvudnyheter","14":"tag-latest-news","15":"tag-latestnews","16":"tag-main-news","17":"tag-mainnews","18":"tag-news","19":"tag-nyheter","20":"tag-rubriker","21":"tag-se","22":"tag-svenska","23":"tag-sverige","24":"tag-sweden","25":"tag-swedish","26":"tag-top-stories","27":"tag-topstories"},"share_on_mastodon":{"url":"https:\/\/pubeurope.com\/@se\/115847025291604707","error":""},"_links":{"self":[{"href":"https:\/\/www.europesays.com\/se\/wp-json\/wp\/v2\/posts\/127078","targetHints":{"allow":["GET"]}}],"collection":[{"href":"https:\/\/www.europesays.com\/se\/wp-json\/wp\/v2\/posts"}],"about":[{"href":"https:\/\/www.europesays.com\/se\/wp-json\/wp\/v2\/types\/post"}],"author":[{"embeddable":true,"href":"https:\/\/www.europesays.com\/se\/wp-json\/wp\/v2\/users\/2"}],"replies":[{"embeddable":true,"href":"https:\/\/www.europesays.com\/se\/wp-json\/wp\/v2\/comments?post=127078"}],"version-history":[{"count":0,"href":"https:\/\/www.europesays.com\/se\/wp-json\/wp\/v2\/posts\/127078\/revisions"}],"wp:featuredmedia":[{"embeddable":true,"href":"https:\/\/www.europesays.com\/se\/wp-json\/wp\/v2\/media\/127079"}],"wp:attachment":[{"href":"https:\/\/www.europesays.com\/se\/wp-json\/wp\/v2\/media?parent=127078"}],"wp:term":[{"taxonomy":"category","embeddable":true,"href":"https:\/\/www.europesays.com\/se\/wp-json\/wp\/v2\/categories?post=127078"},{"taxonomy":"post_tag","embeddable":true,"href":"https:\/\/www.europesays.com\/se\/wp-json\/wp\/v2\/tags?post=127078"}],"curies":[{"name":"wp","href":"https:\/\/api.w.org\/{rel}","templated":true}]}}