{"id":127086,"date":"2026-01-06T07:48:14","date_gmt":"2026-01-06T07:48:14","guid":{"rendered":"https:\/\/www.europesays.com\/se\/127086\/"},"modified":"2026-01-06T07:48:14","modified_gmt":"2026-01-06T07:48:14","slug":"varfor-fortsatter-ni-gulla-med-erdogan","status":"publish","type":"post","link":"https:\/\/www.europesays.com\/se\/127086\/","title":{"rendered":"Varf\u00f6r forts\u00e4tter ni gulla med Erdogan?"},"content":{"rendered":"<p>Publicerad 6 jan 2026 kl 06.00<\/p>\n<p>I st\u00e4llet f\u00f6r att odla relationer med akt\u00f6rer som bek\u00e4mpar jihadister, salafister och islamister g\u00e5r vi hand i hand med en diktator, skriver Kurdo Baksi.<\/p>\n<p><img   alt=\"\"\/><\/p>\n<p>\u201dUnder Natoprocessen gjorde Sverige flera eftergifter gentemot Turkiet, som l\u00e4nge viftade med vetokortet\u201d, skriver Kurdo Baksi.<\/p>\n<p>Foto: Henrik Montgomery \/ TT NYHETSBYR\u00c5N<\/p>\n<p>\u00d6ppna bild i helsk\u00e4rm<img loading=\"lazy\"   alt=\"\"\/><\/p>\n<p>Kurdo Baksi, f\u00f6rfattare och samh\u00e4llsdebatt\u00f6r.<\/p>\n<p>Foto: Ali Lorestani \/ TT NYHETSBYR\u00c5N<\/p>\n<p>\u00d6ppna bild i helsk\u00e4rm<\/p>\n<p>Detta \u00e4r en debattartikel. Det \u00e4r skribenten som st\u00e5r f\u00f6r \u00e5sikterna i texten.&#13;<br \/>\n&#13;\n<\/p>\n<p><strong>DEBATT. <\/strong>I slutet av f\u00f6rra \u00e5ret <a href=\"https:\/\/www.expressen.se\/nyheter\/varlden\/johan-forssell-och-benjamin-dousa-pa-hemligt-besok-i-syrien\/\" rel=\"nofollow noopener\" target=\"_blank\">bes\u00f6kte migrationsministern Johan Forssell (M) och bist\u00e5ndsminister Benjamin Dousa (M) Syrien<\/a>. Resan var hemlig, och v\u00e4l d\u00e4r tr\u00e4ffade de den jihadistledda HTS-regimen. Bes\u00f6ket var det f\u00f6rsta fr\u00e5n svenska ministrar sen Syrien togs \u00f6ver av islamistterroristen Ahmed al-Sharaa.<\/p>\n<p>Syftet med resan? Att \u00f6ka \u00e5terv\u00e4ndandet till Syrien.<\/p>\n<p>V\u00e4l p\u00e5 plats blev det dock inget bes\u00f6k hos den kurdledda Autonoma administrationen i norra och \u00f6stra Syrien. Varf\u00f6r?<\/p>\n<p>Under Natoprocessen gjorde Sverige flera eftergifter gentemot Turkiet, som l\u00e4nge viftade med vetokortet. Inspektionen f\u00f6r strategiska vapen (ISP) beviljade p\u00e5 nytt tillst\u00e5nd f\u00f6r vapenexport till Turkiet. Vi gick \u00e4ven med p\u00e5 ett s\u00e5 kallat security compact, vilket betyder att <a href=\"https:\/\/www.svt.se\/nyheter\/inrikes\/lista-har-ar-overenskommelsen-med-turkiet\" rel=\"nofollow noopener\" target=\"_blank\">Sverige och Turkiet regelbundet m\u00e5ste tr\u00e4ffas p\u00e5 ministerniv\u00e5<\/a> f\u00f6r att bland annat diskutera arbetet mot vad Ankara definierar som terrorism.<\/p>\n<p>Negativ syn p\u00e5 kurder<\/p>\n<p><a href=\"https:\/\/www.expressen.se\/nyheter\/regeringens-besked-tar-avstand-fran-ypg-och-pyd\/\" rel=\"nofollow noopener\" target=\"_blank\">Den d\u00e5varande utrikesministern Tobias Billstr\u00f6m st\u00e4mplade Kurdiska folkets f\u00f6rsvarsstyrkor (YPG) och dess politiska gren Demokratiska unionspartiet (PYD) som tvivelaktiga<\/a>.<\/p>\n<p>\u201dVi tycker det finns en tvivelaktighet och problematik n\u00e4r det g\u00e4ller dem som skadar v\u00e5rt f\u00f6rh\u00e5llande till Turkiet\u201d och \u201ddet finns en n\u00e4ra koppling mellan dessa organisationer och PKK\u201d, <a href=\"https:\/\/www.svt.se\/nyheter\/inrikes\/regeringen-tar-avstand-fran-kurdiska-ypg-och-pyd\" rel=\"nofollow noopener\" target=\"_blank\">dundrade Billstr\u00f6m i Ekots l\u00f6rdagsintervju (5\/11 2022).<\/a><\/p>\n<p>Billstr\u00f6m verkade ha gl\u00f6mt att minst elva tusen unga kurdiska m\u00e4n och kvinnor i YPG offrade sina liv f\u00f6r min och hans trygghet. Han verkade ocks\u00e5 ha gl\u00f6mt att YPG f\u00f6rintade IS.<\/p>\n<p>Billstr\u00f6ms ordval med \u201dtvivelaktighet\u201d har p\u00e5 l\u00e4tt svenska inneburit att ingen annan regering p\u00e5 jorden har en s\u00e5 negativ syn p\u00e5 kurder i Syrien som den nuvarande svenska regeringen. F\u00f6rutom Turkiet sj\u00e4lvt, d\u00e5. Frankrikes president Macron har till exempel tagit emot kurdledarna p\u00e5 \u00c9lys\u00e9epalatset, men det skulle inte komma p\u00e5 fr\u00e5ga i Sverige.<\/p>\n<p>V\u00e4ljer diktator framf\u00f6r kurder<\/p>\n<p>Billstr\u00f6ms uttalande har lett till att Sveriges utrikesdepartement i drygt fyra \u00e5r undvikit all kontakt med ett v\u00e4lfungerande, sekul\u00e4rt, feministiskt, modernt, demokratiskt, m\u00e5ngreligi\u00f6st och m\u00e5ngetniskt samh\u00e4lle. Sveriges avst\u00e5ndstagande fr\u00e5n kurder blir \u00e4n mer absurt med tanke p\u00e5 att <a href=\"https:\/\/www.expressen.se\/nyheter\/svenska-is-krigare-ar-fangslade-i-syrien\/\" rel=\"nofollow noopener\" target=\"_blank\">ett dussin svenska IS-terrorister sitter i kurdiska f\u00e4ngelser f\u00f6r att Sverige ska vara ett tryggt land<\/a>.\u00a0<\/p>\n<p>Ni har v\u00e4l inte gl\u00f6mt det jihadistiska terrord\u00e5det p\u00e5 Drottninggatan d\u00e4r fem personer miste sina liv f\u00f6r n\u00e5gra \u00e5r sedan? Eller de tv\u00e5 svenska supportrar som m\u00f6rdades i Bryssel av en g\u00e4rningsman med kopplingar till IS?\u00a0<\/p>\n<p>Sveriges besatthet av kurder forts\u00e4tter \u00e4ven efter att Maria Malmer Stenergard ersatt Billstr\u00f6m. Trots att Sverige nu \u00e4r medlem i Nato, och att <a href=\"https:\/\/www.expressen.se\/tagg\/organization\/pkk\/\" class=\"\" rel=\"nofollow noopener\" target=\"_blank\">PKK<\/a> \u00e4r uppl\u00f6st v\u00e4grar Sverige etablera kontakter med Autonoma administrationen i norra och \u00f6stra Syrien. Det \u00e4r absurt. Det har vi inte r\u00e5d med om vi vill hindra att islamistisk terror n\u00e5r v\u00e5ra breddgrader.<\/p>\n<p>Sverige v\u00e4ljer en diktator framf\u00f6r kurder som k\u00e4mpar f\u00f6r global trygghet och s\u00e4kerhet.<\/p>\n<p>Vore det inte b\u00e4ttre att odla relationer med akt\u00f6rer som bek\u00e4mpar jihadister, salafister och islamister \u00e4n att g\u00e5 hand i hand med islamister som Syriens interimspresident al-Sharaa och Turkiets Erdogan?<\/p>\n<p><strong>Av Kurdo Baksi<\/strong><\/p>\n<p>f\u00f6rfattare och samh\u00e4llsdebatt\u00f6r<\/p>\n","protected":false},"excerpt":{"rendered":"Publicerad 6 jan 2026 kl 06.00 I st\u00e4llet f\u00f6r att odla relationer med akt\u00f6rer som bek\u00e4mpar jihadister, salafister&hellip;\n","protected":false},"author":2,"featured_media":127087,"comment_status":"","ping_status":"","sticky":false,"template":"","format":"standard","meta":{"footnotes":""},"categories":[5],"tags":[22,23,26,27,17,21,24,25,13180,4423,11959,3234,500,28,29,15,16,6633,1401,13179,1304,1602,584,18,34,31,33,32,30,19,20],"class_list":{"0":"post-127086","1":"post","2":"type-post","3":"status-publish","4":"format-standard","5":"has-post-thumbnail","7":"category-rubriker","8":"tag-breaking-news","9":"tag-breakingnews","10":"tag-featured-news","11":"tag-featurednews","12":"tag-headlines","13":"tag-huvudnyheter","14":"tag-latest-news","15":"tag-latestnews","16":"tag-location-ankara","17":"tag-location-bryssel","18":"tag-location-drottninggatan","19":"tag-location-syrien","20":"tag-location-turkiet","21":"tag-main-news","22":"tag-mainnews","23":"tag-news","24":"tag-nyheter","25":"tag-organization-islamiska-staten","26":"tag-organization-nato","27":"tag-organization-pkk","28":"tag-person-benjamin-dousa","29":"tag-person-johan-forssell","30":"tag-person-maria-malmer-stenergard","31":"tag-rubriker","32":"tag-se","33":"tag-svenska","34":"tag-sverige","35":"tag-sweden","36":"tag-swedish","37":"tag-top-stories","38":"tag-topstories"},"share_on_mastodon":{"url":"","error":"Validation failed: Text character limit of 500 exceeded"},"_links":{"self":[{"href":"https:\/\/www.europesays.com\/se\/wp-json\/wp\/v2\/posts\/127086","targetHints":{"allow":["GET"]}}],"collection":[{"href":"https:\/\/www.europesays.com\/se\/wp-json\/wp\/v2\/posts"}],"about":[{"href":"https:\/\/www.europesays.com\/se\/wp-json\/wp\/v2\/types\/post"}],"author":[{"embeddable":true,"href":"https:\/\/www.europesays.com\/se\/wp-json\/wp\/v2\/users\/2"}],"replies":[{"embeddable":true,"href":"https:\/\/www.europesays.com\/se\/wp-json\/wp\/v2\/comments?post=127086"}],"version-history":[{"count":0,"href":"https:\/\/www.europesays.com\/se\/wp-json\/wp\/v2\/posts\/127086\/revisions"}],"wp:featuredmedia":[{"embeddable":true,"href":"https:\/\/www.europesays.com\/se\/wp-json\/wp\/v2\/media\/127087"}],"wp:attachment":[{"href":"https:\/\/www.europesays.com\/se\/wp-json\/wp\/v2\/media?parent=127086"}],"wp:term":[{"taxonomy":"category","embeddable":true,"href":"https:\/\/www.europesays.com\/se\/wp-json\/wp\/v2\/categories?post=127086"},{"taxonomy":"post_tag","embeddable":true,"href":"https:\/\/www.europesays.com\/se\/wp-json\/wp\/v2\/tags?post=127086"}],"curies":[{"name":"wp","href":"https:\/\/api.w.org\/{rel}","templated":true}]}}