{"id":127098,"date":"2026-01-06T08:24:11","date_gmt":"2026-01-06T08:24:11","guid":{"rendered":"https:\/\/www.europesays.com\/se\/127098\/"},"modified":"2026-01-06T08:24:11","modified_gmt":"2026-01-06T08:24:11","slug":"jag-har-anvant-de-nya-shokz-open-earbuds-i-fyra-dagar-och-brusreduceringen-ar-sa-bra-att-jag-glommer-att-de-ar-oppna","status":"publish","type":"post","link":"https:\/\/www.europesays.com\/se\/127098\/","title":{"rendered":"Jag har anv\u00e4nt de nya Shokz open earbuds i fyra dagar och \u201dbrusreduceringen\u201d \u00e4r s\u00e5 bra att jag gl\u00f6mmer att de \u00e4r \u00f6ppna"},"content":{"rendered":"<ul id=\"c3562eb0-1967-4585-8e44-402d182cbd2c\">\n<li><strong>Shokz har precis sl\u00e4ppt helt nya OpenFit Pro open earbuds p\u00e5 CES i Las Vegas<\/strong><\/li>\n<li><strong>Dolby Atmos-klart huvudsp\u00e5rat rumsligt ljud och \u201dbrusreducering\u201d<\/strong><\/li>\n<li><strong>Ljudet \u00f6vertygar, \u00e4ven med ett h\u00f6gt pris p\u00e5 cirka 295 dollar<\/strong><\/li>\n<\/ul>\n<p id=\"b062bfc4-3e1a-489e-8050-3a3c795417f6\">Fans av sportinriktade \u00f6ppna earbuds och benledningsh\u00f6rlurar k\u00e4nner sannolikt v\u00e4l till Shokz produkter. De nyligen presenterade OpenFit Pro \u00e4r dock de f\u00f6rsta Shokz-earbuds n\u00e5gonsin med \u201dsynkroniserad dubbeldiaphragm-driver och brusreducering\u201d. Med \u201dbrusreducering\u201d ska du absolut t\u00e4nka \u201daktiv brusreducering, fast f\u00f6r en \u00f6ppen design\u201d.<\/p>\n<p>Shokz \u00e4r snabba med att lyfta fram sin unika SuperBoost-algoritm f\u00f6r \u201ddynamiskt och distorsionsfritt ljud\u201d samt en ny \u201dPMI-dome i aluminium av flygindustriklass\u201d p\u00e5 elementhuset, tillsammans med den premium-silikon jag har kommit att f\u00f6rv\u00e4nta mig fr\u00e5n varum\u00e4rket.<\/p>\n<p><a id=\"elk-seasonal\" class=\"paywall\" aria-hidden=\"true\" data-url=\"\" href=\"\" target=\"_blank\" referrerpolicy=\"no-referrer-when-downgrade\" data-hl-processed=\"none\"\/><\/p>\n<p id=\"b062bfc4-3e1a-489e-8050-3a3c795417f6-2\">Jag kan ocks\u00e5 s\u00e4ga att den d\u00e4r lilla \u201dknoppen\u201d p\u00e5 earbudsen \u00e4r en bra sak ur designsynpunkt, liksom ljudm\u00e4ssigt, eftersom den glider in fint under min cymba concha, ett av de inre vecken i ytter\u00f6rat ovanf\u00f6r sj\u00e4lva conchan, och bidrar till b\u00e4ttre stabilitet.<\/p>\n<p>Du kanske gillar<\/p>\n<p>Shokz OpenFit Pro \u00e4r dessutom redo f\u00f6r Dolby Atmos-inneh\u00e5ll med huvudsp\u00e5rning p\u00e5 menyn och under mina inledande tester har jag upplevt tekniken som responsiv och f\u00f6ljsam n\u00e4r jag r\u00f6r huvudet runt ljudk\u00e4llan.<\/p>\n<p>Vill du anpassa niv\u00e5erna f\u00f6r de faktiska frekvenserna du h\u00f6r i mixen? OpenFit Pro har fem EQ-f\u00f6rinst\u00e4llningar samt tv\u00e5 anpassningsbara EQ-profiler i Shokz-appen.<\/p>\n<p><a id=\"elk-e65b4d50-0705-4f73-ab2a-73d9c55777a6\" class=\"paywall\" aria-hidden=\"true\" data-url=\"\" href=\"\" target=\"_blank\" referrerpolicy=\"no-referrer-when-downgrade\" data-hl-processed=\"none\"\/>Viktiga funktioner och priser, samt mina f\u00f6rsta intryck<\/p>\n<p>Image 1 of 4<\/p>\n<p><img decoding=\"async\" src=\"https:\/\/www.europesays.com\/se\/wp-content\/uploads\/2026\/01\/tnBw8pWcxWNSDbq2GQ5XUa.jpg\" alt=\"Shokz Openfit Pro h\u00e5lls upp \u00f6ver en gr\u00e4smatta.\"   class=\"image-wrapped__image image__image\" loading=\"lazy\" data-normal=\"https:\/\/www.europesays.com\/se\/wp-content\/uploads\/2026\/01\/tnBw8pWcxWNSDbq2GQ5XUa.jpg\" data-original-mos=\"https:\/\/www.europesays.com\/se\/wp-content\/uploads\/2026\/01\/tnBw8pWcxWNSDbq2GQ5XUa.jpg\" data-pin-media=\"https:\/\/www.europesays.com\/se\/wp-content\/uploads\/2026\/01\/tnBw8pWcxWNSDbq2GQ5XUa.jpg\" data-pin-nopin=\"true\" data-slice-image=\"true\"\/>(Image credit: Future)<img decoding=\"async\" src=\"https:\/\/www.europesays.com\/se\/wp-content\/uploads\/2026\/01\/iLF3ikiVPXNzRFrrEkPRaa.jpg\" alt=\"Shokz Openfit Pro h\u00e5lls upp \u00f6ver en gr\u00e4smatta.\"   class=\"image-wrapped__image image__image\" loading=\"lazy\" data-normal=\"https:\/\/www.europesays.com\/se\/wp-content\/uploads\/2026\/01\/iLF3ikiVPXNzRFrrEkPRaa.jpg\" data-original-mos=\"https:\/\/www.europesays.com\/se\/wp-content\/uploads\/2026\/01\/iLF3ikiVPXNzRFrrEkPRaa.jpg\" data-pin-media=\"https:\/\/www.europesays.com\/se\/wp-content\/uploads\/2026\/01\/iLF3ikiVPXNzRFrrEkPRaa.jpg\" data-pin-nopin=\"true\" data-slice-image=\"true\"\/>(Image credit: Future)<img decoding=\"async\" src=\"https:\/\/www.europesays.com\/se\/wp-content\/uploads\/2026\/01\/V7F3JzaFDbRj55Rw8Vkvga.jpg\" alt=\"Shokz Openfit Pro h\u00e5lls upp \u00f6ver en gr\u00e4smatta.\"   class=\"image-wrapped__image image__image\" loading=\"lazy\" data-normal=\"https:\/\/www.europesays.com\/se\/wp-content\/uploads\/2026\/01\/V7F3JzaFDbRj55Rw8Vkvga.jpg\" data-original-mos=\"https:\/\/www.europesays.com\/se\/wp-content\/uploads\/2026\/01\/V7F3JzaFDbRj55Rw8Vkvga.jpg\" data-pin-media=\"https:\/\/www.europesays.com\/se\/wp-content\/uploads\/2026\/01\/V7F3JzaFDbRj55Rw8Vkvga.jpg\" data-pin-nopin=\"true\" data-slice-image=\"true\"\/>(Image credit: Future)<img decoding=\"async\" src=\"https:\/\/www.europesays.com\/se\/wp-content\/uploads\/2026\/01\/qGvmeNJz7itx5ozigfu9Ka.jpg\" alt=\"Shokz Openfit Pro h\u00e5lls upp \u00f6ver en gr\u00e4smatta.\"   class=\"image-wrapped__image image__image\" loading=\"lazy\" data-normal=\"https:\/\/www.europesays.com\/se\/wp-content\/uploads\/2026\/01\/qGvmeNJz7itx5ozigfu9Ka.jpg\" data-original-mos=\"https:\/\/www.europesays.com\/se\/wp-content\/uploads\/2026\/01\/qGvmeNJz7itx5ozigfu9Ka.jpg\" data-pin-media=\"https:\/\/www.europesays.com\/se\/wp-content\/uploads\/2026\/01\/qGvmeNJz7itx5ozigfu9Ka.jpg\" data-pin-nopin=\"true\" data-slice-image=\"true\"\/>(Image credit: Future)<\/p>\n<p id=\"94f58fc0-00c4-4f18-8a0f-4d792bfb2371\">Shokz medger att det var \u201den utmaning\u201d att uppn\u00e5 brusreducering i en \u00f6ppen design. OpenFit Pro \u00e4r de f\u00f6rsta h\u00f6rlurarna fr\u00e5n Shokz med \u00f6ppen brusreducering, n\u00e5got som \u00e4r mycket ovanligt \u00e4ven bland de <a data-analytics-id=\"inline-link\" href=\"https:\/\/global.techradar.com\/sv-se\/audio\/earbuds-airpods\/basta-oppna-in-ear-horlurar-year-testade-av-techradars-ljudexperter\" target=\"_blank\" data-url=\"https:\/\/global.techradar.com\/sv-se\/audio\/earbuds-airpods\/basta-oppna-in-ear-horlurar-year-testade-av-techradars-ljudexperter\" data-hl-processed=\"none\" data-mrf-recirculation=\"inline-link\" data-before-rewrite-localise=\"https:\/\/global.techradar.com\/sv-se\/audio\/earbuds-airpods\/basta-oppna-in-ear-horlurar-year-testade-av-techradars-ljudexperter\" rel=\"nofollow noopener\">b\u00e4sta \u00f6ppna earbuds<\/a>. <a data-analytics-id=\"inline-link\" href=\"https:\/\/www.techradar.com\/audio\/earbuds-airpods\/honor-earbuds-open-review\" target=\"_blank\" data-mrf-recirculation=\"inline-link\" rel=\"nofollow noopener\">Honor Earbuds Open<\/a> \u00e4r den f\u00f6rsta modell jag har h\u00f6rt som erbjuder detta och de g\u00f6r det mycket bra, med hj\u00e4lp av ett system med tre mikrofoner och Shokz \u00f6ronanpassade algoritm.<\/p>\n<p>Via Shokz-appen kommer anv\u00e4ndare att kunna justera niv\u00e5erna f\u00f6r brusreducering manuellt f\u00f6r att matcha sin omgivning, oavsett om de beh\u00f6ver djupare fokus eller vill vara mer medvetna om vad som h\u00e4nder runt omkring dem. Jag fick inte tidig tillg\u00e5ng till iOS-appen inf\u00f6r lanseringen, som \u00e4r i dag den 6 januari, men jag har lyssnat p\u00e5 dem i fyra dagar och jag kan s\u00e4ga att jag verkligen ser fram emot att justera brusreduceringen ytterligare f\u00f6r att se vad de verkligen klarar av.<\/p>\n<p class=\"newsletter-form__strapline\">Registrera dig f\u00f6r senaste nyheter, recensioner, \u00e5sikter, toppteknologiska erbjudanden och mer.<\/p>\n<p>Utifr\u00e5n mitt f\u00f6rsta lyssnande var ljudet mer slagkraftigt \u00e4n v\u00e4ntat och dynamiskt nyanserat, med mycket bra detaljniv\u00e5er och en bas som ofta fick mig att gl\u00f6mma att de var \u00f6ppna earbuds, och det \u00e4r inget jag s\u00e4ger l\u00e4ttvindigt.<\/p>\n<p>H\u00e4r \u00e4r ytterligare en sak jag aldrig har sett tidigare: st\u00f6djande tillbeh\u00f6r i f\u00f6rpackningen. Tr\u00e4 de h\u00e4r sm\u00e5 o-ringarna \u00f6ver kroken och du f\u00e5r ett extra lager stabilitet, s\u00e4rskilt f\u00f6r sportanv\u00e4ndning eller f\u00f6r dem med mindre \u00f6ron (det vill s\u00e4ga jag).<\/p>\n<p class=\"vanilla-image-block\" style=\"padding-top:56.25%;\">\n<p><img decoding=\"async\" src=\"https:\/\/www.europesays.com\/se\/wp-content\/uploads\/2026\/01\/e74nKSYe2tDyLhtrrckzWJ.jpg\" alt=\"Ett par svarta Shokz OpenFit Pro ligger i en &amp;ouml;ppen handflata.\"   loading=\"lazy\" data-new-v2-image=\"true\" data-original-mos=\"https:\/\/www.europesays.com\/se\/wp-content\/uploads\/2026\/01\/e74nKSYe2tDyLhtrrckzWJ.jpg\" data-pin-media=\"https:\/\/www.europesays.com\/se\/wp-content\/uploads\/2026\/01\/e74nKSYe2tDyLhtrrckzWJ.jpg\" class=\"inline\"\/>\n<\/p>\n<p>L\u00e4gg m\u00e4rke till de sm\u00e5 justerbara s\u00e4kerhetsringarna som skjuts \u00f6ver \u00f6ronkroken f\u00f6r b\u00e4ttre passform. (Image credit: Future)<\/p>\n<p id=\"55b1fb5f-2339-4847-b86b-286b23b3852a\">Batteritid? Sj\u00e4lvklart. Upp till 12 timmar p\u00e5 en enda laddning och upp till 50 timmar med det f\u00f6rv\u00e5nansv\u00e4rt slimmade och lilla laddningsfodralet. Bli dock inte f\u00f6r uppspelt. Med brusreducering aktiverad \u00e4r den utlovade tiden mer standardm\u00e4ssiga 6 timmar p\u00e5 en laddning och totalt 24 timmar med fodralet. Dessutom f\u00e5r du upp till 4 timmars lyssning med bara 10 minuters snabbladdning. Den sista delen kan jag intyga st\u00e4mmer, den \u00e4r bra.<\/p>\n<p>Du kanske gillar<\/p>\n<p>I \u00f6vrigt f\u00e5r du multipoint-parkoppling, IP55-klassning f\u00f6r vatten- och dammt\u00e5lighet samt Bluetooth 6.1. Trots att vikten p\u00e5 12,3 gram per earbud l\u00e5ter relativt h\u00f6g har jag, efter att ha burit dem i fyra dagar, upplevt dem som extremt bekv\u00e4ma.<\/p>\n<p>Den h\u00e4r g\u00e5ngen hade jag ocks\u00e5 en glamour\u00f6s assistent, det vill s\u00e4ga min f\u00e4stman, som testade Shokz OpenFit Pro \u00e5t mig under tennis och kv\u00e4llscykling, eftersom jag har skadat axeln n\u00e4r jag dansade. Han ogillar in-ear-designer men ville testa att lyssna p\u00e5 musik under tr\u00e4ning och hj\u00e4lpte d\u00e4rf\u00f6r g\u00e4rna till. En extra f\u00f6rdel med den h\u00e4r typen av design \u00e4r att man enkelt kan dela dem utan att st\u00e4ndigt beh\u00f6va reng\u00f6ra och byta \u00f6rontoppar, eftersom ingen del av dem g\u00e5r in i h\u00f6rselg\u00e5ngen.<\/p>\n<p class=\"vanilla-image-block\" style=\"padding-top:56.25%;\">\n<p><img decoding=\"async\" src=\"https:\/\/www.europesays.com\/se\/wp-content\/uploads\/2026\/01\/Bh6EXkCLghLxcErMBRgi3b.jpg\" alt=\"Shokz Openfit Pro anv&amp;auml;nds av en man utomhus.\"   loading=\"lazy\" data-new-v2-image=\"true\" data-original-mos=\"https:\/\/www.europesays.com\/se\/wp-content\/uploads\/2026\/01\/Bh6EXkCLghLxcErMBRgi3b.jpg\" data-pin-media=\"https:\/\/www.europesays.com\/se\/wp-content\/uploads\/2026\/01\/Bh6EXkCLghLxcErMBRgi3b.jpg\" class=\"inline\"\/>\n<\/p>\n<p>(Image credit: Future)<a id=\"elk-bdad2eb9-3456-4e26-a85d-38c2f39b5a1b\" class=\"paywall\" aria-hidden=\"true\" data-url=\"\" href=\"\" target=\"_blank\" referrerpolicy=\"no-referrer-when-downgrade\" data-hl-processed=\"none\"\/>\u201dDina \u00f6ron \u00e4r dina speglar n\u00e4r du cyklar\u201d<\/p>\n<p id=\"c3fcf6ff-2e8f-4616-a280-8a8f04d2022a\">Hans tidiga omd\u00f6me? \u201dDe \u00e4r toppen f\u00f6r cykling, jag kunde fortfarande h\u00f6ra trafiken, eftersom dina \u00f6ron \u00e4r dina speglar n\u00e4r du cyklar, men min musik h\u00f6rdes h\u00f6gt och tydligt, vilket var en v\u00e4lkommen f\u00f6r\u00e4ndring fr\u00e5n den kolsvarta monotonin under tisdagkv\u00e4llar p\u00e5 v\u00e4g till tennisen.<\/p>\n<p>\u201dP\u00e5 tenniscentret var de perfekta f\u00f6r dynamisk och statisk stretching samt shuttle runs. Jag bar \u00e4ven keps tillsammans med dem och hj\u00e4lm n\u00e4r jag cyklade och de var aldrig i v\u00e4gen. Jag har spelat t\u00e4vlingsinriktad tennis i 30 \u00e5r, men det h\u00e4r \u00e4r f\u00f6rsta g\u00e5ngen jag har slagit en boll med n\u00e5gon form av ljudlig distraktion och Queens of the Stone Age hj\u00e4lpte definitivt till att v\u00e4rma upp p\u00e5 banan.<\/p>\n<p>\u201dAtt jag fortfarande kunde h\u00f6ra ljudet av bollen fr\u00e5n andra sidan banan under uppv\u00e4rmningen, vilken typ av slag det var, hur h\u00e5rt den slogs och hur mycket spinn som lades p\u00e5 slaget, var ocks\u00e5 avg\u00f6rande. Utan de sm\u00e5 stabilisatorerna k\u00e4ndes den h\u00f6gra ibland os\u00e4ker under tuffare dueller, men stabilisatorn gjorde stor skillnad.\u201d<\/p>\n<p>Jag kommer att forts\u00e4tta testa dem under de kommande veckorna f\u00f6r att f\u00e4rdigst\u00e4lla en fullst\u00e4ndig recension, han tar inte \u00f6ver mitt jobb, men inledningsvis tycker vi b\u00e5da att det finns mycket att gilla. Samtidigt \u00e4r de inte billiga med ett pris p\u00e5 219 pund (cirka 2 700 kronor), s\u00e4rskilt med tanke p\u00e5 att topplaceringen i v\u00e5r k\u00f6pguide just nu innehas av en annan Shokz-produkt, <a data-analytics-id=\"inline-link\" href=\"https:\/\/www.techradar.com\/health-fitness\/fitness-headphones\/i-went-for-a-run-with-the-all-new-shokz-openfit-2-and-theyre-already-threatening-to-become-my-go-to-running-headphones\" target=\"_blank\" data-mrf-recirculation=\"inline-link\" rel=\"nofollow noopener\">Shokz OpenFit 2+<\/a>, med ett rekommenderat pris p\u00e5 1 790 kronor.<\/p>\n<p>Den nuvarande klassledaren var billigare \u00e4n <a data-analytics-id=\"inline-link\" href=\"https:\/\/www.techradar.com\/audio\/headphones\/bose-ultra-open-earbuds\" target=\"_blank\" data-mrf-recirculation=\"inline-link\" rel=\"nofollow noopener\">Bose Ultra Open Earbuds<\/a> vid lansering och \u00e4r bara sn\u00e4ppet dyrare \u00e4n Shokz vanliga OpenFit 2. S\u00e5 \u00e4ven om jag vet var de extra slantarna har lagts i OpenFit Pro, med brusreducering f\u00f6r f\u00f6rsta g\u00e5ngen, Dolby Atmos-optimering med huvudsp\u00e5rning, en extra mikrofon per earbud och mycket arbete p\u00e5 designsidan, ska det bli intressant att se var ljud-per-krona landar. H\u00e5ll utkik.<\/p>\n<p id=\"9da985f1-afde-46eb-a92a-8c04a7a20924\">TechRadar bevakar CES 2026 p\u00e5 plats och rapporterar om alla stora nyheter n\u00e4r de h\u00e4nder. Kolla in v\u00e5r <a data-analytics-id=\"inline-link\" href=\"https:\/\/www.techradar.com\/tag\/ces\" target=\"_blank\" data-mrf-recirculation=\"inline-link\" rel=\"nofollow noopener\">CES 2026-sida<\/a> f\u00f6r de senaste artiklarna och v\u00e5ra f\u00f6rsta intryck av allt fr\u00e5n tr\u00e5dl\u00f6sa TV-apparater och vikbara sk\u00e4rmar till nya telefoner, datorer, smarthem-prylar och det senaste inom AI.<\/p>\n<p>Gl\u00f6m inte att f\u00f6lja oss p\u00e5 <a data-analytics-id=\"inline-link\" href=\"https:\/\/www.tiktok.com\/@techradar\" target=\"_blank\" data-url=\"https:\/\/www.tiktok.com\/@techradar\" referrerpolicy=\"no-referrer-when-downgrade\" data-hl-processed=\"none\" data-mrf-recirculation=\"inline-link\" rel=\"nofollow noopener\">TikTok<\/a> och <a data-analytics-id=\"inline-link\" href=\"https:\/\/www.whatsapp.com\/channel\/0029Va6HybZ9RZAY7pIUK12h\" target=\"_blank\" data-url=\"https:\/\/www.whatsapp.com\/channel\/0029Va6HybZ9RZAY7pIUK12h\" referrerpolicy=\"no-referrer-when-downgrade\" data-hl-processed=\"none\" data-mrf-recirculation=\"inline-link\" rel=\"nofollow noopener\">WhatsApp<\/a> f\u00f6r l\u00f6pande uppdateringar direkt fr\u00e5n m\u00e4ssgolvet.<\/p>\n<p><script async src=\"\/\/www.tiktok.com\/embed.js\"><\/script><\/p>\n","protected":false},"excerpt":{"rendered":"Shokz har precis sl\u00e4ppt helt nya OpenFit Pro open earbuds p\u00e5 CES i Las Vegas Dolby Atmos-klart huvudsp\u00e5rat&hellip;\n","protected":false},"author":2,"featured_media":127099,"comment_status":"","ping_status":"","sticky":false,"template":"","format":"standard","meta":{"footnotes":""},"categories":[66],"tags":[80,78,79,34,31,33,32,30,81,84,83,82],"class_list":{"0":"post-127098","1":"post","2":"type-post","3":"status-publish","4":"format-standard","5":"has-post-thumbnail","7":"category-vetenskap-och-teknik","8":"tag-science","9":"tag-science-and-technology","10":"tag-scienceandtechnology","11":"tag-se","12":"tag-svenska","13":"tag-sverige","14":"tag-sweden","15":"tag-swedish","16":"tag-technology","17":"tag-teknik","18":"tag-vetenskap","19":"tag-vetenskapteknik"},"share_on_mastodon":{"url":"https:\/\/pubeurope.com\/@se\/115847198402112698","error":""},"_links":{"self":[{"href":"https:\/\/www.europesays.com\/se\/wp-json\/wp\/v2\/posts\/127098","targetHints":{"allow":["GET"]}}],"collection":[{"href":"https:\/\/www.europesays.com\/se\/wp-json\/wp\/v2\/posts"}],"about":[{"href":"https:\/\/www.europesays.com\/se\/wp-json\/wp\/v2\/types\/post"}],"author":[{"embeddable":true,"href":"https:\/\/www.europesays.com\/se\/wp-json\/wp\/v2\/users\/2"}],"replies":[{"embeddable":true,"href":"https:\/\/www.europesays.com\/se\/wp-json\/wp\/v2\/comments?post=127098"}],"version-history":[{"count":0,"href":"https:\/\/www.europesays.com\/se\/wp-json\/wp\/v2\/posts\/127098\/revisions"}],"wp:featuredmedia":[{"embeddable":true,"href":"https:\/\/www.europesays.com\/se\/wp-json\/wp\/v2\/media\/127099"}],"wp:attachment":[{"href":"https:\/\/www.europesays.com\/se\/wp-json\/wp\/v2\/media?parent=127098"}],"wp:term":[{"taxonomy":"category","embeddable":true,"href":"https:\/\/www.europesays.com\/se\/wp-json\/wp\/v2\/categories?post=127098"},{"taxonomy":"post_tag","embeddable":true,"href":"https:\/\/www.europesays.com\/se\/wp-json\/wp\/v2\/tags?post=127098"}],"curies":[{"name":"wp","href":"https:\/\/api.w.org\/{rel}","templated":true}]}}