{"id":127109,"date":"2026-01-06T08:45:08","date_gmt":"2026-01-06T08:45:08","guid":{"rendered":"https:\/\/www.europesays.com\/se\/127109\/"},"modified":"2026-01-06T08:45:08","modified_gmt":"2026-01-06T08:45:08","slug":"usa-kapar-raden-for-vaccinering-av-barn","status":"publish","type":"post","link":"https:\/\/www.europesays.com\/se\/127109\/","title":{"rendered":"USA kapar r\u00e5den f\u00f6r vaccinering av barn"},"content":{"rendered":"<p>USA:s h\u00e4lsodepartement har gjort en omfattande \u00e4ndring av r\u00e5den kring vaccinering av barn, rapporterar amerikanska medier.<\/p>\n<p>Den lista \u00f6ver vaccin som alla barn rekommenderas att f\u00e5 kapas med sex vaccin, fr\u00e5n 17 till 11. Det g\u00e4ller vaccin mot rotavirus, RS-virus, influensa, hepatit A och B samt meningokocker.<\/p>\n<p>\u2013 Detta beslut skyddar barn, respekterar familjen och \u00e5terst\u00e4ller f\u00f6rtroendet f\u00f6r h\u00e4lsov\u00e5rden, s\u00e4ger h\u00e4lsominister Robert F Kennedy Jr.<\/p>\n<p>En rad h\u00e4lsoexperter kritiserar beslutet h\u00e5rt och s\u00e4ger att barn riskerar att ta skada, skriver New York Times.<\/p>\n<p>Flera medier beskriver det som ett \u201dseismiskt skifte\u201d i den federala vaccinationspolitiken. Delstaterna har sj\u00e4lva mandat att styra \u00f6ver vaccinationerna, men rekommendationer fr\u00e5n den federala smittskyddsmyndigheten CDC har stor p\u00e5verkan p\u00e5 de lokala r\u00e5den.<\/p>\n<p>Omni \u00e4r politiskt obundna och oberoende. Vi str\u00e4var efter att ge fler perspektiv p\u00e5 nyheterna. Har du fr\u00e5gor eller synpunkter kring v\u00e5r rapportering? <a href=\"https:\/\/omni.se\/usa-kapar-raden-for-vaccinering-av-barn\/a\/mailto:redaktion@omni.se\" class=\"ArticleActions_contactLink__W2F1M\" rel=\"nofollow noopener\" target=\"_blank\">Kontakta redaktionen<\/a><\/p>\n","protected":false},"excerpt":{"rendered":"USA:s h\u00e4lsodepartement har gjort en omfattande \u00e4ndring av r\u00e5den kring vaccinering av barn, rapporterar amerikanska medier. Den lista&hellip;\n","protected":false},"author":2,"featured_media":127110,"comment_status":"","ping_status":"","sticky":false,"template":"","format":"standard","meta":{"footnotes":""},"categories":[69],"tags":[387,113,112,268,12883,34,31,33,32,30,386,74],"class_list":{"0":"post-127109","1":"post","2":"type-post","3":"status-publish","4":"format-standard","5":"has-post-thumbnail","7":"category-halsa","8":"tag-amerikansk-politik","9":"tag-halsa","10":"tag-health","11":"tag-nordamerika","12":"tag-robert-f-kennedy","13":"tag-se","14":"tag-svenska","15":"tag-sverige","16":"tag-sweden","17":"tag-swedish","18":"tag-trumps-usa","19":"tag-usa"},"share_on_mastodon":{"url":"https:\/\/pubeurope.com\/@se\/115847280968633806","error":""},"_links":{"self":[{"href":"https:\/\/www.europesays.com\/se\/wp-json\/wp\/v2\/posts\/127109","targetHints":{"allow":["GET"]}}],"collection":[{"href":"https:\/\/www.europesays.com\/se\/wp-json\/wp\/v2\/posts"}],"about":[{"href":"https:\/\/www.europesays.com\/se\/wp-json\/wp\/v2\/types\/post"}],"author":[{"embeddable":true,"href":"https:\/\/www.europesays.com\/se\/wp-json\/wp\/v2\/users\/2"}],"replies":[{"embeddable":true,"href":"https:\/\/www.europesays.com\/se\/wp-json\/wp\/v2\/comments?post=127109"}],"version-history":[{"count":0,"href":"https:\/\/www.europesays.com\/se\/wp-json\/wp\/v2\/posts\/127109\/revisions"}],"wp:featuredmedia":[{"embeddable":true,"href":"https:\/\/www.europesays.com\/se\/wp-json\/wp\/v2\/media\/127110"}],"wp:attachment":[{"href":"https:\/\/www.europesays.com\/se\/wp-json\/wp\/v2\/media?parent=127109"}],"wp:term":[{"taxonomy":"category","embeddable":true,"href":"https:\/\/www.europesays.com\/se\/wp-json\/wp\/v2\/categories?post=127109"},{"taxonomy":"post_tag","embeddable":true,"href":"https:\/\/www.europesays.com\/se\/wp-json\/wp\/v2\/tags?post=127109"}],"curies":[{"name":"wp","href":"https:\/\/api.w.org\/{rel}","templated":true}]}}