{"id":12711,"date":"2025-08-24T18:18:13","date_gmt":"2025-08-24T18:18:13","guid":{"rendered":"https:\/\/www.europesays.com\/se\/12711\/"},"modified":"2025-08-24T18:18:13","modified_gmt":"2025-08-24T18:18:13","slug":"abed-el-malla-23-fran-ludvika-ar-bara-97-centimeter-lang","status":"publish","type":"post","link":"https:\/\/www.europesays.com\/se\/12711\/","title":{"rendered":"Abed El Malla, 23, fr\u00e5n Ludvika \u00e4r bara 97 centimeter l\u00e5ng"},"content":{"rendered":"<p>Publicerad 24 aug 2025 kl 19.00<\/p>\n<p>Abed slutade v\u00e4xa n\u00e4r han var barn.<\/p>\n<p>Han blev bara 97 centimeter l\u00e5ng.<\/p>\n<p>\u2013 Jag har aldrig velat vara normall\u00e5ng, s\u00e4ger han.<\/p>\n<p><img   alt=\"\"\/><\/p>\n<p>Abed El Malla slutade v\u00e4xa n\u00e4r han var n\u00e5gra \u00e5r gammal. Nu tycker han att allt handlar om att ha r\u00e4tt inst\u00e4llning till livet.<\/p>\n<p>Foto: Privat<\/p>\n<p>\u00d6ppna bild i helsk\u00e4rmArtikeln i korthet<\/p>\n<p> 23-\u00e5riga Abed har en skelettsjukdom och \u00e4r 97 centimeter l\u00e5ng.<\/p>\n<p> Han m\u00f6ter utmaningar i sin vardag \u2013\u00a0bland annat att hitta kl\u00e4der som passar.<\/p>\n<p>\u00a0Abed ser sin l\u00e4ngd som n\u00e5got positivt och bjuder g\u00e4rna p\u00e5 sig sj\u00e4lv.<\/p>\n<p>Visa mer<\/p>\n<p>Abed El Malla, 23, fr\u00e5n <a href=\"https:\/\/www.expressen.se\/tagg\/location\/ludvika\/\" class=\"\" rel=\"nofollow noopener\" target=\"_blank\">Ludvika<\/a> har en skelettsjukdom. N\u00e4r han var runt 5-6 \u00e5r slutade han v\u00e4xa helt. Medan hans v\u00e4nner fortsatte bli l\u00e4ngre \u2013 n\u00e5dde Abed aldrig \u00f6ver en meter.<\/p>\n<p>\u2013 Det var sv\u00e5rt att ta in. Man fattade inte riktigt sj\u00e4lv d\u00e5, men nu \u00e4r det bara positivt, s\u00e4ger han.<\/p>\n<p>Abed beskriver att han fick mycket blickar och kommentarer om sin l\u00e4ngd, framf\u00f6r allt i skolan.<\/p>\n<p>\u2013 Jag vill inte anv\u00e4nda ordet mobbad, men jag k\u00e4nde mig absolut utanf\u00f6r.<\/p>\n<p>N\u00e4r han kom upp i h\u00f6gstadiet hade han f\u00e5tt m\u00e5nga kompisar och sakta men s\u00e4kert slutade l\u00e4ngdskillnaden vara n\u00e5got jobbigt. Nu brukar Abed och hans v\u00e4nner sk\u00e4mta om l\u00e4ngden.<\/p>\n<p>\u2013 Jag bjuder mycket p\u00e5 mig sj\u00e4lv och jag l\u00e5ter inget negativt komma \u00e5t mig. Man beh\u00f6ver ha r\u00e4tt inst\u00e4llning.<\/p>\n<p><img loading=\"lazy\"   alt=\"\"\/><\/p>\n<p>Abed anv\u00e4nder sin permobil n\u00e4r han ska ta sig l\u00e4ngre str\u00e4ckor.<\/p>\n<p>Foto: Privat<\/p>\n<p>\u00d6ppna bild i helsk\u00e4rmHandlar p\u00e5 barnavdelningen<\/p>\n<p>Det sv\u00e5raste f\u00f6r Abed \u00e4r att hitta kl\u00e4der som passar. Han k\u00f6per allt p\u00e5 barnavdelningen f\u00f6r att hitta plagg i sin storlek.<\/p>\n<p>\u2013 Men det \u00e4r ofta n\u00e5gon text eller tryck p\u00e5 kl\u00e4derna som jag inte vill ha. S\u00e5 mitt utbud \u00e4r mycket mindre. Sen \u00e4r skor \u00e4nnu sv\u00e5rare att hitta.<\/p>\n<p>I gymnasiet b\u00f6rjade han l\u00e4gga upp klipp p\u00e5 sociala medier, d\u00e4r han drev om sin l\u00e4ngd.<\/p>\n<p>\u2013 Responsen har varit positiv och det motiverar. Jag f\u00e5r vara med om s\u00e5 roliga grejer p\u00e5 grund av min l\u00e4ngd.<\/p>\n<p><img loading=\"lazy\"   alt=\"\"\/><\/p>\n<p>Youtubern Mauri Hermundsson h\u00e4ngde med Abed en heldag.<\/p>\n<p>Foto: Youtube\/@Maurisyoutubekanal<\/p>\n<p>\u00d6ppna bild i helsk\u00e4rm<img loading=\"lazy\"   alt=\"\"\/><\/p>\n<p>Mauri Hermundsson \u00e4n en meter l\u00e4ngre \u00e4n Abed.<\/p>\n<p>Foto: Youtube\/@Maurisyoutubekanal<\/p>\n<p>\u00d6ppna bild i helsk\u00e4rm\u201dMina v\u00e4nner brukar lyfta upp mig\u201d<\/p>\n<p>Hemma har han en h\u00f6j- och s\u00e4nkbar stol och en pall i varje badrum. Om han ska ta sig l\u00e4ngre str\u00e4ckor har han ocks\u00e5 en rullstol och en permobil \u2013 eftersom det g\u00f6r ont att g\u00e5 f\u00f6r l\u00e4nge.<\/p>\n<p>\u2013 Men jag f\u00f6rs\u00f6ker att inte ha s\u00e5 mycket hj\u00e4lpmedel runtomkring mig. Jag vill klara mig \u00e4nd\u00e5.<\/p>\n<p>Han ber\u00e4ttar att han ofta f\u00e5r \u201db\u00e4rhj\u00e4lp\u201d av sina v\u00e4nner \u2013 som lyfter upp honom vid behov.<\/p>\n<p>\u2013 De vet vad de gav sig in p\u00e5 n\u00e4r de blev v\u00e4n med mig.<\/p>\n<p><img loading=\"lazy\"   alt=\"\"\/><\/p>\n<p>Abed tar livet med en klackspark och ser inga nackdelar med sin l\u00e4ngd.<\/p>\n<p>Foto: Privat<\/p>\n<p>\u00d6ppna bild i helsk\u00e4rmL\u00e5ter inte l\u00e4ngden stoppa dejtinglivet<\/p>\n<p><strong>Vad hade du gjort en dag som normall\u00e5ng?<\/strong><\/p>\n<p>\u2013 Jag har aldrig riktigt t\u00e4nkt s\u00e5 d\u00e4r. Jag har inte t\u00e4nkt att jag vill vara l\u00e5ngt med en dag. Men jag hade kanske testat massa sporter.<\/p>\n<p>N\u00e4r det kommer till dejting \u00e4r l\u00e4ngden ofta en os\u00e4kerhet hos korta killar. Men inte f\u00f6r Abed.<\/p>\n<p>\u2013 Allts\u00e5 jag kan s\u00e4ga s\u00e5 h\u00e4r, l\u00e4ngden \u00e4r inget problem. Men jag f\u00f6rs\u00f6ker inte riktigt dejta, jag trivs som det \u00e4r just nu.<\/p>\n<p>Abed f\u00e5r verkligen t\u00e4nka till f\u00f6r att komma p\u00e5 en enda sak som han tycker \u00e4r jobbigt med att vara kort.<\/p>\n<p>\u2013 Kanske om jag \u00e4r ensam hemma och skulle beh\u00f6va n\u00e5 ett glas p\u00e5 \u00f6versta hyllan.<\/p>\n","protected":false},"excerpt":{"rendered":"Publicerad 24 aug 2025 kl 19.00 Abed slutade v\u00e4xa n\u00e4r han var barn. Han blev bara 97 centimeter&hellip;\n","protected":false},"author":2,"featured_media":12712,"comment_status":"","ping_status":"","sticky":false,"template":"","format":"standard","meta":{"footnotes":""},"categories":[68],"tags":[440,1737,423,759,1738,34,154,111,110,31,33,32,30,1739,966],"class_list":{"0":"post-12711","1":"post","2":"type-post","3":"status-publish","4":"format-standard","5":"has-post-thumbnail","7":"category-sport","8":"tag-function-unga","9":"tag-location-ludvika","10":"tag-organization-tiktok","11":"tag-organization-youtube","12":"tag-person-mauri-hermundsson","13":"tag-se","14":"tag-sections-sverige","15":"tag-sport","16":"tag-sports","17":"tag-svenska","18":"tag-sverige","19":"tag-sweden","20":"tag-swedish","21":"tag-topic-kronisk-sjukdom","22":"tag-topic-sociala-medier"},"share_on_mastodon":{"url":"","error":""},"_links":{"self":[{"href":"https:\/\/www.europesays.com\/se\/wp-json\/wp\/v2\/posts\/12711","targetHints":{"allow":["GET"]}}],"collection":[{"href":"https:\/\/www.europesays.com\/se\/wp-json\/wp\/v2\/posts"}],"about":[{"href":"https:\/\/www.europesays.com\/se\/wp-json\/wp\/v2\/types\/post"}],"author":[{"embeddable":true,"href":"https:\/\/www.europesays.com\/se\/wp-json\/wp\/v2\/users\/2"}],"replies":[{"embeddable":true,"href":"https:\/\/www.europesays.com\/se\/wp-json\/wp\/v2\/comments?post=12711"}],"version-history":[{"count":0,"href":"https:\/\/www.europesays.com\/se\/wp-json\/wp\/v2\/posts\/12711\/revisions"}],"wp:featuredmedia":[{"embeddable":true,"href":"https:\/\/www.europesays.com\/se\/wp-json\/wp\/v2\/media\/12712"}],"wp:attachment":[{"href":"https:\/\/www.europesays.com\/se\/wp-json\/wp\/v2\/media?parent=12711"}],"wp:term":[{"taxonomy":"category","embeddable":true,"href":"https:\/\/www.europesays.com\/se\/wp-json\/wp\/v2\/categories?post=12711"},{"taxonomy":"post_tag","embeddable":true,"href":"https:\/\/www.europesays.com\/se\/wp-json\/wp\/v2\/tags?post=12711"}],"curies":[{"name":"wp","href":"https:\/\/api.w.org\/{rel}","templated":true}]}}