{"id":127111,"date":"2026-01-06T08:46:07","date_gmt":"2026-01-06T08:46:07","guid":{"rendered":"https:\/\/www.europesays.com\/se\/127111\/"},"modified":"2026-01-06T08:46:07","modified_gmt":"2026-01-06T08:46:07","slug":"festen-i-natt-stoppas-fran-firande-pa-hemmaplan-efter-jvm-guldet-hockey","status":"publish","type":"post","link":"https:\/\/www.europesays.com\/se\/127111\/","title":{"rendered":"Festen i natt \u2013 stoppas fr\u00e5n firande p\u00e5 hemmaplan efter JVM-guldet | Hockey"},"content":{"rendered":"<p>Publicerad 6 jan 2026 kl 06.35Uppdaterad kl 08.57<\/p>\n<p>Jack Berglund ville se ett JVM-guldfirande i Stockholm.<\/p>\n<p>S\u00e5 kommer det inte att bli \u2013 laget \u00e4r fast i USA.<\/p>\n<p>\u201dJuniorkronornas ursprungliga hemresa har blivit inst\u00e4lld p\u00e5 grund av kraftigt sn\u00f6ov\u00e4der\u201d, skriver Svenska ishockeyf\u00f6rbundet i ett uttalande.<\/p>\n<p><img loading=\"lazy\"   alt=\"\"\/> <\/p>\n<p>Foto: JOEL MARKLUND \/ BILDBYR\u00c5N<\/p>\n<p>\u00d6ppna bild i helsk\u00e4rm<img loading=\"lazy\"   alt=\"\"\/> <\/p>\n<p>Foto: JOEL MARKLUND \/ BILDBYR\u00c5N<\/p>\n<p>\u00d6ppna bild i helsk\u00e4rm<\/p>\n<p>Redan p\u00e5 isen i Grand Casino arena i Minnesota, efter att Juniorkronorna s\u00e4krat den f\u00f6rsta titeln i junior-VM p\u00e5 14 \u00e5r, v\u00e4djade lagkaptenen Jack Berglund till sin tr\u00e4nare i F\u00e4rjestad.<\/p>\n<p>\u2013 Jag hoppas J\u00f6rgen (J\u00f6nsson) ger mig n\u00e5gon dag ledigt s\u00e5 vi f\u00e5r fira rej\u00e4lt. Det ska inte vara n\u00e5got d\u00e5ligt firande i alla fall.<\/p>\n<p>I omkl\u00e4dningsrummet hyllades f\u00f6rbundskaptenen Magnus H\u00e4velid, innan han dr\u00e4nktes i sportdryck av Eric Nilson och Sascha Boumedienne.<\/p>\n<p>\u2013 Det var han v\u00e4rd, magisk och grym tr\u00e4nare. \u00c4ntligen f\u00e5r han visa varf\u00f6r han \u00e4r b\u00e4sta f\u00f6rbundskaptenen, s\u00e4ger Victor Eklund.<\/p>\n<p>H\u00e4velid tog det med ro.<\/p>\n<p>\u2013 Jag fick i mig mina salter jag med! Vi tjatar p\u00e5 spelarna om salter och att orka\u2026 s\u00e5 jag fick n\u00e5gra liter Gatorade \u00f6ver mig.<\/p>\n<p><img loading=\"lazy\"   alt=\"\"\/> <\/p>\n<p>Foto: JOEL MARKLUND \/ BILDBYR\u00c5N<\/p>\n<p>\u00d6ppna bild i helsk\u00e4rmOv\u00e4ntade valet: \u201dHar tagit den\u201d<\/p>\n<p>Det sj\u00f6ngs f\u00f6r full hals till en l\u00e5t fr\u00e5n ett annat landslag.<\/p>\n<p>\u2013 Det \u00e4r Schweiz m\u00e5ll\u00e5t, men vi har tagit den fr\u00e5n Mikkel Aagaard i Skellefte\u00e5, den gillar vi. Vi visste inte att Schweiz anv\u00e4nde den faktiskt, s\u00e4ger Jack Berglund.<\/p>\n<p>Exakt hur firandet fortskrider i den amerikanska natten och svenska morgonen \u00e4r inte skrivet i sten.<\/p>\n<p>\u2013 Familjen ska m\u00f6tas upp och sedan ska vi ha kul. Jag har inte koll p\u00e5 planerna men det blir nog tjollahej, s\u00e4ger Eklund.<\/p>\n<p>Love H\u00e4renstam fyller i:<\/p>\n<p>\u2013 Vi ska se till att fira. Det blir nog Eklund, Freij (Alfons) och gubbarna som f\u00e5r styra upp det d\u00e4r, det \u00e4r deras grej. Det kommer bli bra, s\u00e4ger m\u00e5lvakten.<\/p>\n<p>Lagkapten Jack Berglund har en tydlig \u00f6nskan: resa fr\u00e5n USA f\u00f6r firande p\u00e5 hemmaplan.<\/p>\n<p>\u2013 Det har firats och det kommer det forts\u00e4tta g\u00f6ra. Hur firandet blir vet jag inte. I Stockholm hoppas jag verkligen det blir.<\/p>\n<p>Beskedet i natt<\/p>\n<p>Men s\u00e5 blir det inte.\u00a0<\/p>\n<p>Ett sn\u00f6ov\u00e4der i Amsterdam stoppar den planerade hemresan under onsdag morgon. Juniorkronornas ursprungliga hemresa har blivit inst\u00e4lld, meddelar Svenska ishockeyf\u00f6rbundet.<\/p>\n<p>\u201dDet \u00e4r i nul\u00e4get oklart n\u00e4r Juniorkronorna kommer att kunna resa hem till Sverige\u201d, meddelar hockeyf\u00f6rbundet.<\/p>\n<p>Det blir inte n\u00e5got offentligt guldfirande p\u00e5 hemmaplan. I st\u00e4llet hyllas laget officiellt i maj under Beijer hockey games i \u00c4ngelholm.<\/p>\n<p>Magnus H\u00e4velid har h\u00e4r och nu planerna klart f\u00f6r sig.<\/p>\n<p>\u2013 Det blir nog skumpa i kv\u00e4ll. Jag gillar whisky, men det blir nog skumpa. Men jag har bara tagit mig fr\u00e5n omkl\u00e4dningsrum, tr\u00e4narrum och hit. Vi ska v\u00e4l se till att r\u00e5 om varandra och njuta.<\/p>\n<p>Anton Frondell och Victor Eklund hade en kortsiktig l\u00f6sning.<\/p>\n<p>\u2013 Vi ska \u00e4ta popcorn och dricka mj\u00f6lk, s\u00e4ger Frondell.<\/p>\n<p>Svenska ishockeyf\u00f6rbundets uttalande<\/p>\n<p>\u201dJuniorkronornas ursprungliga hemresa, med ankomst Arlanda onsdag f\u00f6rmiddag, svensk tid, har blivit inst\u00e4lld p\u00e5 grund av kraftigt sn\u00f6ov\u00e4der i Amsterdam, Holland. Det \u00e4r i nul\u00e4get oklart n\u00e4r Juniorkronorna kommer att kunna resa hem till Sverige.\u201d<\/p>\n<p>\u201dVid hemkomst blir det inget offentligt guldfirande, utan laget kommer att bjudas in till Beijer Hockey Games i \u00c4ngelholm i maj f\u00f6r att hyllas i samband med Tre Kronor herrs hemmaturnering.\u201d<\/p>\n<p>\u201dDetta p\u00e5verkar spelare hemmah\u00f6rande i svenska klubbar. SHL och HockeyAllsvenskan \u00e4r informerade.\u201d<\/p>\n<p>Visa mer<strong>L\u00c4S MER: <\/strong><a href=\"https:\/\/www.expressen.se\/sport\/hockey\/svenskt-jvm-guld-efter-stora-rysaren\/\" class=\"\" rel=\"nofollow noopener\" target=\"_blank\">Svenskt JVM-guld \u2013 efter stor rysare<\/a><img alt=\"\"\/>Ljudklippet gick inte att spela upp<\/p>\n<p>F\u00f6rs\u00f6k igen senare<\/p>\n","protected":false},"excerpt":{"rendered":"Publicerad 6 jan 2026 kl 06.35Uppdaterad kl 08.57 Jack Berglund ville se ett JVM-guldfirande i Stockholm. S\u00e5 kommer&hellip;\n","protected":false},"author":2,"featured_media":127112,"comment_status":"","ping_status":"","sticky":false,"template":"","format":"standard","meta":{"footnotes":""},"categories":[68],"tags":[5945,34,255,111,110,31,33,32,30],"class_list":{"0":"post-127111","1":"post","2":"type-post","3":"status-publish","4":"format-standard","5":"has-post-thumbnail","7":"category-sport","8":"tag-organization-jvm","9":"tag-se","10":"tag-sections-ishockey","11":"tag-sport","12":"tag-sports","13":"tag-svenska","14":"tag-sverige","15":"tag-sweden","16":"tag-swedish"},"share_on_mastodon":{"url":"https:\/\/pubeurope.com\/@se\/115847284955934241","error":""},"_links":{"self":[{"href":"https:\/\/www.europesays.com\/se\/wp-json\/wp\/v2\/posts\/127111","targetHints":{"allow":["GET"]}}],"collection":[{"href":"https:\/\/www.europesays.com\/se\/wp-json\/wp\/v2\/posts"}],"about":[{"href":"https:\/\/www.europesays.com\/se\/wp-json\/wp\/v2\/types\/post"}],"author":[{"embeddable":true,"href":"https:\/\/www.europesays.com\/se\/wp-json\/wp\/v2\/users\/2"}],"replies":[{"embeddable":true,"href":"https:\/\/www.europesays.com\/se\/wp-json\/wp\/v2\/comments?post=127111"}],"version-history":[{"count":0,"href":"https:\/\/www.europesays.com\/se\/wp-json\/wp\/v2\/posts\/127111\/revisions"}],"wp:featuredmedia":[{"embeddable":true,"href":"https:\/\/www.europesays.com\/se\/wp-json\/wp\/v2\/media\/127112"}],"wp:attachment":[{"href":"https:\/\/www.europesays.com\/se\/wp-json\/wp\/v2\/media?parent=127111"}],"wp:term":[{"taxonomy":"category","embeddable":true,"href":"https:\/\/www.europesays.com\/se\/wp-json\/wp\/v2\/categories?post=127111"},{"taxonomy":"post_tag","embeddable":true,"href":"https:\/\/www.europesays.com\/se\/wp-json\/wp\/v2\/tags?post=127111"}],"curies":[{"name":"wp","href":"https:\/\/api.w.org\/{rel}","templated":true}]}}