{"id":127125,"date":"2026-01-06T09:00:10","date_gmt":"2026-01-06T09:00:10","guid":{"rendered":"https:\/\/www.europesays.com\/se\/127125\/"},"modified":"2026-01-06T09:00:10","modified_gmt":"2026-01-06T09:00:10","slug":"experten-det-ar-en-del-att-fundera-pa-i-kanada","status":"publish","type":"post","link":"https:\/\/www.europesays.com\/se\/127125\/","title":{"rendered":"Experten: &#8221;Det \u00e4r en del att fundera p\u00e5 i Kanada&#8221;"},"content":{"rendered":"<p><strong>Efter tv\u00e5 raka utt\u00e5g i kvartsfinal har <a href=\"https:\/\/hockeysverige.se\/landslag\/kanada\" rel=\"nofollow noopener\" target=\"_blank\">Kanada<\/a> s\u00e4krat en <a href=\"https:\/\/hockeysverige.se\/junior-vm\/\" rel=\"nofollow noopener\" target=\"_blank\">JVM<\/a>-medalj igen. Den ensidiga bronsmatchen mot <a href=\"https:\/\/hockeysverige.se\/landslag\/finland\" rel=\"nofollow noopener\" target=\"_blank\">Finland<\/a> slutade 6\u20133 till favoriterna.<\/strong><br \/><strong>\u2013\u00a0Hade det blivit ett tredje JVM i rad d\u00e4r Kanada inte tar medalj s\u00e5 hade det varit\u2026 jag ska inte s\u00e4ga fiasko, men\u2026 s\u00e4ger H\u00e5kan Loob i SVT.<\/strong><\/p>\n<p><img loading=\"lazy\" decoding=\"async\" width=\"1024\" height=\"658\" src=\"https:\/\/www.europesays.com\/se\/wp-content\/uploads\/2026\/01\/Kanada-andersson-1-1024x658.webp.webp\" alt=\"\" class=\"wp-image-342267\"  \/>SVT:s Jonas Andersson kritisk mot Kanada efter JVM-bronset. <strong>Foto:<\/strong> Bildbyr\u00e5n (montage).<\/p>\n<p><strong>JVM 2026:<\/strong>\u00a0<a href=\"https:\/\/hockeysverige.se\/junior-vm\/jvm-spelschema\/\" target=\"_blank\" rel=\"noreferrer noopener nofollow\">Spelschema<\/a>\u00a0|\u00a0<a href=\"https:\/\/hockeysverige.se\/junior-vm\/junior-vm-i-ishockey-2026-pa-tv\/\" target=\"_blank\" rel=\"noreferrer noopener nofollow\">TV-tider<\/a>\u00a0|\u00a0<a href=\"https:\/\/hockeysverige.se\/junior-vm\/jvm-tabell\/\" target=\"_blank\" rel=\"noreferrer noopener nofollow\">Grupper &amp; tabell<\/a>\u00a0|\u00a0<a href=\"https:\/\/hockeysverige.se\/junior-vm\/jvm-resultat\/\" target=\"_blank\" rel=\"noreferrer noopener nofollow\">Resultat<\/a>\u00a0|\u00a0<a href=\"https:\/\/hockeysverige.se\/landslag\/juniorkronorna\/\" target=\"_blank\" rel=\"noreferrer noopener nofollow\">Allt om Juniorkronorna<\/a>\u00a0|<\/p>\n<p>Finland kunde inte st\u00e4lla om och st\u00e5 f\u00f6r nytt personb\u00e4sta efter den l\u00e5nga semifinalen mot Sverige. Kanada, som f\u00f6rlorade sin lika dramatiska match mot Tjeckien, var hungriga efter revansch, och s\u00e4krade \u00e4ven ett 6\u20133-resultat.<\/p>\n<p>\u2013\u00a0Det \u00e4r ett Kanada som har h\u00f6ga toppar, men ocks\u00e5 djupa dalar. Bitvis n\u00e4r de f\u00e5r spela sin ishockey, d\u00e5 t\u00e4nker man \u201ddet g\u00e5r inte att sl\u00e5 det h\u00e4r laget\u201d. Sen n\u00e4sta sekvens s\u00e5 kommer de h\u00e4r djupa dalarna, s\u00e4ger SVT:s Jonas Andersson kritiskt i s\u00e4ndningen efter s\u00e4krade bronset och forts\u00e4tter: <br \/>\u2013\u00a0\u00c4r det n\u00e5got vi l\u00e4rt oss av den h\u00e4r turneringen s\u00e5 \u00e4r det, det \u00e4r inte d\u00e5 du vinner. Du beh\u00f6ver en j\u00e4mnhet. Den har inte funnits i det h\u00e4r kanadensiska laget och inte i de tv\u00e5 senaste upplagorna heller. Det \u00e4r en del att fundera p\u00e5 i Kanada. <\/p>\n<p>Loob om Kanada: \u201dFanns brister\u201d<\/p>\n<p>Med det var inte helt utan \u00f6ppningar f\u00f6r Finland att ta sig tillbaka in i matchen. <\/p>\n<p>\u2013 Jag kan tycka att det \u00e4r godk\u00e4nt, men det fanns brister i det h\u00e4r laget. Framf\u00f6rallt p\u00e5 backsidan, s\u00e4ger SVT:s H\u00e5kan Loob.<\/p>\n<p>1\u20130 kom redan efter 1.10 fr\u00e5n Sam O\u2019Reilly, innan Finland svarade kort d\u00e4refter genom Arrtu V\u00e4lil\u00e4, och s\u00e5 fortsatte det \u00e4ven senare i perioden. Braeden Cootes blev 2\u20131-m\u00e5lskytt och Julius Miettinen svarade n\u00e5gra minuter senare i ett powerplay. Hade det inte varit f\u00f6r Lasse Boelius utvisning hade \u00e4ven 2\u20132 kanske st\u00e5tt sig in i paus.<\/p>\n<p>I andra perioden s\u00e5g Porter Martone snabbt till att d\u00f6da det finska hopp som fanns kvar. Framspelad av Tij Iginla blev kaptenen 4\u20132-m\u00e5lskytten.<\/p>\n<p>Gavin McKenna st\u00e4ngde det hela med 6\u20133 i tredje efter att Petteri Rimpinen st\u00e5tt f\u00f6r en j\u00e4tter\u00e4ddning. <\/p>\n<p><strong>Kanada \u2013\u00a0Finland: 6\u20133<\/strong> (3\u20132, 2\u20131, 1\u20130)<br \/><strong>Kanada:<\/strong> O\u2019Reilly (2), Cootes, Parekh, Martone, McKenna. <br \/><strong>Finland:<\/strong> V\u00e4lil\u00e4, Miettinen, Ruohonen. <\/p>\n<p> Source: <a href=\"https:\/\/www.eliteprospects.com\/team\/1618\/undefined\" target=\"_blank\" rel=\"noopener noreferrer nofollow\">Canada U20<\/a> @ Elite Prospects<\/p>\n","protected":false},"excerpt":{"rendered":"Efter tv\u00e5 raka utt\u00e5g i kvartsfinal har Kanada s\u00e4krat en JVM-medalj igen. Den ensidiga bronsmatchen mot Finland slutade&hellip;\n","protected":false},"author":2,"featured_media":127126,"comment_status":"","ping_status":"","sticky":false,"template":"","format":"standard","meta":{"footnotes":""},"categories":[5],"tags":[22,23,26,27,17,21,6611,24,25,28,29,15,16,18,34,133,31,33,32,30,355,19,20],"class_list":{"0":"post-127125","1":"post","2":"type-post","3":"status-publish","4":"format-standard","5":"has-post-thumbnail","7":"category-rubriker","8":"tag-breaking-news","9":"tag-breakingnews","10":"tag-featured-news","11":"tag-featurednews","12":"tag-headlines","13":"tag-huvudnyheter","14":"tag-junior-vm","15":"tag-latest-news","16":"tag-latestnews","17":"tag-main-news","18":"tag-mainnews","19":"tag-news","20":"tag-nyheter","21":"tag-rubriker","22":"tag-se","23":"tag-second-news","24":"tag-svenska","25":"tag-sverige","26":"tag-sweden","27":"tag-swedish","28":"tag-talang","29":"tag-top-stories","30":"tag-topstories"},"share_on_mastodon":{"url":"https:\/\/pubeurope.com\/@se\/115847339990346751","error":""},"_links":{"self":[{"href":"https:\/\/www.europesays.com\/se\/wp-json\/wp\/v2\/posts\/127125","targetHints":{"allow":["GET"]}}],"collection":[{"href":"https:\/\/www.europesays.com\/se\/wp-json\/wp\/v2\/posts"}],"about":[{"href":"https:\/\/www.europesays.com\/se\/wp-json\/wp\/v2\/types\/post"}],"author":[{"embeddable":true,"href":"https:\/\/www.europesays.com\/se\/wp-json\/wp\/v2\/users\/2"}],"replies":[{"embeddable":true,"href":"https:\/\/www.europesays.com\/se\/wp-json\/wp\/v2\/comments?post=127125"}],"version-history":[{"count":0,"href":"https:\/\/www.europesays.com\/se\/wp-json\/wp\/v2\/posts\/127125\/revisions"}],"wp:featuredmedia":[{"embeddable":true,"href":"https:\/\/www.europesays.com\/se\/wp-json\/wp\/v2\/media\/127126"}],"wp:attachment":[{"href":"https:\/\/www.europesays.com\/se\/wp-json\/wp\/v2\/media?parent=127125"}],"wp:term":[{"taxonomy":"category","embeddable":true,"href":"https:\/\/www.europesays.com\/se\/wp-json\/wp\/v2\/categories?post=127125"},{"taxonomy":"post_tag","embeddable":true,"href":"https:\/\/www.europesays.com\/se\/wp-json\/wp\/v2\/tags?post=127125"}],"curies":[{"name":"wp","href":"https:\/\/api.w.org\/{rel}","templated":true}]}}