{"id":127131,"date":"2026-01-06T09:05:07","date_gmt":"2026-01-06T09:05:07","guid":{"rendered":"https:\/\/www.europesays.com\/se\/127131\/"},"modified":"2026-01-06T09:05:07","modified_gmt":"2026-01-06T09:05:07","slug":"snoovader-skapar-flygkaos-i-stora-delar-av-europa","status":"publish","type":"post","link":"https:\/\/www.europesays.com\/se\/127131\/","title":{"rendered":"Sn\u00f6ov\u00e4der skapar flygkaos i stora delar av Europa"},"content":{"rendered":"<p>Kraftiga sn\u00f6fall har lett till ett besv\u00e4rligt l\u00e4ge i flygtrafiken i stora delar av Europa. P\u00e5 Schiphol i Amsterdam har hundratals avg\u00e5ngar st\u00e4llts in eller kraftigt f\u00f6rsenats.<\/p>\n<p>Sn\u00f6n har \u00e4ven lett till kraftigt begr\u00e4nsad trafik till och fr\u00e5n Paris tv\u00e5 stora flygplatser, Charles de Gaulle och Orly. <\/p>\n<p>V\u00e4dret inneb\u00e4r problem \u00e4ven p\u00e5 v\u00e4gar och j\u00e4rnv\u00e4gar. I nordv\u00e4stra Frankrike har det kommit flera decimeter sn\u00f6 som lett till olyckor och k\u00f6er p\u00e5 motorv\u00e4garna. Totalt 1\u202f000 kilometer k\u00f6er uppm\u00e4ttes p\u00e5 v\u00e4garna i regionen Ile-de-France p\u00e5 m\u00e5ndagen.<\/p>\n<p>Omni \u00e4r politiskt obundna och oberoende. Vi str\u00e4var efter att ge fler perspektiv p\u00e5 nyheterna. Har du fr\u00e5gor eller synpunkter kring v\u00e5r rapportering? <a href=\"https:\/\/omni.se\/snoovader-skapar-flygkaos-i-stora-delar-av-europa\/a\/mailto:redaktion@omni.se\" class=\"ArticleActions_contactLink__W2F1M\" rel=\"nofollow noopener\" target=\"_blank\">Kontakta redaktionen<\/a><\/p>\n","protected":false},"excerpt":{"rendered":"Kraftiga sn\u00f6fall har lett till ett besv\u00e4rligt l\u00e4ge i flygtrafiken i stora delar av Europa. P\u00e5 Schiphol i&hellip;\n","protected":false},"author":2,"featured_media":127132,"comment_status":"","ping_status":"","sticky":false,"template":"","format":"standard","meta":{"footnotes":""},"categories":[65],"tags":[72,70,71,267,2431,266,1629,34,31,33,32,30],"class_list":{"0":"post-127131","1":"post","2":"type-post","3":"status-publish","4":"format-standard","5":"has-post-thumbnail","7":"category-ekonomi","8":"tag-business","9":"tag-economy","10":"tag-ekonomi","11":"tag-europa","12":"tag-flygtrafik","13":"tag-frankrike","14":"tag-nederlanderna","15":"tag-se","16":"tag-svenska","17":"tag-sverige","18":"tag-sweden","19":"tag-swedish"},"share_on_mastodon":{"url":"https:\/\/pubeurope.com\/@se\/115847359548471137","error":""},"_links":{"self":[{"href":"https:\/\/www.europesays.com\/se\/wp-json\/wp\/v2\/posts\/127131","targetHints":{"allow":["GET"]}}],"collection":[{"href":"https:\/\/www.europesays.com\/se\/wp-json\/wp\/v2\/posts"}],"about":[{"href":"https:\/\/www.europesays.com\/se\/wp-json\/wp\/v2\/types\/post"}],"author":[{"embeddable":true,"href":"https:\/\/www.europesays.com\/se\/wp-json\/wp\/v2\/users\/2"}],"replies":[{"embeddable":true,"href":"https:\/\/www.europesays.com\/se\/wp-json\/wp\/v2\/comments?post=127131"}],"version-history":[{"count":0,"href":"https:\/\/www.europesays.com\/se\/wp-json\/wp\/v2\/posts\/127131\/revisions"}],"wp:featuredmedia":[{"embeddable":true,"href":"https:\/\/www.europesays.com\/se\/wp-json\/wp\/v2\/media\/127132"}],"wp:attachment":[{"href":"https:\/\/www.europesays.com\/se\/wp-json\/wp\/v2\/media?parent=127131"}],"wp:term":[{"taxonomy":"category","embeddable":true,"href":"https:\/\/www.europesays.com\/se\/wp-json\/wp\/v2\/categories?post=127131"},{"taxonomy":"post_tag","embeddable":true,"href":"https:\/\/www.europesays.com\/se\/wp-json\/wp\/v2\/tags?post=127131"}],"curies":[{"name":"wp","href":"https:\/\/api.w.org\/{rel}","templated":true}]}}